
{"id":222,"date":"2022-07-28T17:55:36","date_gmt":"2022-07-28T20:55:36","guid":{"rendered":"https:\/\/novasaopaulo.com.br\/blog\/?p=222"},"modified":"2022-10-11T14:34:18","modified_gmt":"2022-10-11T17:34:18","slug":"dicas-para-adaptar-o-imovel-para-os-idosos","status":"publish","type":"post","link":"https:\/\/www.novasaopaulo.com.br\/blog\/dicas-para-adaptar-o-imovel-para-os-idosos\/","title":{"rendered":"Dicas para adaptar o im\u00f3vel para os idosos"},"content":{"rendered":"<p>Voc\u00ea, com certeza, tem algum familiar idoso, seja seus av\u00f3s, tios ou pais, a idade chega para todos. Diante disso, \u00e9 necess\u00e1rio pensar em formas de adaptar a casa para uma pessoa da terceira idade.<\/p>\n<p>Nossos queridos velhinhos apresentam certas limita\u00e7\u00f5es que podem coloc\u00e1-los em risco, caso n\u00e3o tenham um ambiente seguro e confort\u00e1vel para se viver.<\/p>\n<p>Com certas adapta\u00e7\u00f5es, \u00e9 poss\u00edvel proporcionar mais seguran\u00e7a e qualidade de vida para os idosos. Mas voc\u00ea sabe quais as mudan\u00e7as que podem ser feitas? Confira nessa publica\u00e7\u00e3o algumas dicas que separamos para te ajudar a adaptar o im\u00f3vel para os idosos.<\/p>\n<p>&nbsp;<\/p>\n<p><strong>Quarto<\/strong><\/p>\n<p>O quarto \u00e9 um c\u00f4modo onde os idosos podem passar grande parte de seu tempo, ent\u00e3o \u00e9 necess\u00e1rio que ele atenda a todas as necessidades deles.<\/p>\n<p>O espa\u00e7o deve ser planejado para que a pessoa de idade consiga fazer suas atividades como dormir, assistir televis\u00e3o, escutar alguma m\u00fasica, praticar alguma atividade manual como tric\u00f4 ou bordados, escrever, ler ou at\u00e9 mesmo s\u00f3 descansar um pouco.<\/p>\n<p>Uma dica muito importante sobre os dormit\u00f3rios \u00e9 que eles devem ser localizados no t\u00e9rreo, sem obst\u00e1culos que possam dificultar a locomo\u00e7\u00e3o do idoso, facilitando o acesso a locais como cozinha e banheiro.<\/p>\n<p>O quarto deve valorizar ao m\u00e1ximo o conforto, bem-estar e seguran\u00e7a do idoso.<\/p>\n<p>&nbsp;<\/p>\n<p><strong>Banheiro<\/strong><\/p>\n<p>Um dos ambientes mais perigosos para uma pessoa idosa \u00e9, sem d\u00favida, o banheiro. Um espa\u00e7o \u00famido e escorregadio que se mostra propicio a provocar acidentes dom\u00e9sticos.<\/p>\n<p>O banheiro deve apresentar o tamanho suficiente para que seja acess\u00edvel, pensando inclusive em cadeira de rodas, e \u00e9 mais indicado que o espa\u00e7o seja em um formato quadrado.<\/p>\n<p>E n\u00e3o somente o espa\u00e7o deve ter um tamanho certo, como as portas de entrada devem facilitar o acesso da pessoa, principalmente se esta utilizar de bengala, cadeira de rodas, entre outros utens\u00edlios utilizados na locomo\u00e7\u00e3o.<\/p>\n<p>Barras de apoio e sustenta\u00e7\u00e3o, piso, ma\u00e7anetas, box, vaso sanit\u00e1rio, torneiras, absolutamente tudo deve ser pensado para facilitar a vida da pessoa de idade, com foco na acessibilidade e seguran\u00e7a.<\/p>\n<p>&nbsp;<\/p>\n<p><strong>Ilumina\u00e7\u00e3o<\/strong><\/p>\n<p>A ilumina\u00e7\u00e3o \u00e9 outro ponto importante quando estamos planejando um im\u00f3vel para idosos, pois \u00e9 comum que eles apresentem problemas de vis\u00e3o. Ent\u00e3o \u00e9 essencial que o im\u00f3vel seja o mais iluminado poss\u00edvel para evitar qualquer tipo de mancha ou sombra que ocasione algum acidente.<\/p>\n<p>A ilumina\u00e7\u00e3o natural deve ser aproveitada ao m\u00e1ximo e paredes brancas tamb\u00e9m s\u00e3o bem vindas, pois refletem a luz e promovem a claridade no ambiente.<\/p>\n<p>Al\u00e9m disso, os interruptores de luz devem estar posicionados estrategicamente para que o idoso tenha f\u00e1cil acesso, sem que precise ficar andando no escuro.<\/p>\n<p>&nbsp;<\/p>\n<p>Um im\u00f3vel adaptado para idosos evita acidentes e oferece mais conforto, autonomia e seguran\u00e7a para o morador. A Nova S\u00e3o Paulo conta com diversos im\u00f3veis que podem atender as suas necessidades e de sua fam\u00edlia, <a href=\"https:\/\/www.novasaopaulo.com.br\/contatos\">entre em contato<\/a> ou acesse o nosso site. Ser\u00e1 um prazer atender voc\u00ea!<\/p>\n","protected":false},"excerpt":{"rendered":"<p>Voc\u00ea, com certeza, tem algum familiar idoso, seja seus av\u00f3s, tios ou pais, a idade chega para todos. Diante disso, \u00e9 necess\u00e1rio pensar em formas de adaptar a casa para uma pessoa da terceira idade. Nossos queridos velhinhos apresentam certas limita\u00e7\u00f5es que podem coloc\u00e1-los em risco, caso n\u00e3o tenham um ambiente seguro e confort\u00e1vel para [&hellip;]<\/p>\n","protected":false},"author":1,"featured_media":275,"comment_status":"open","ping_status":"open","sticky":false,"template":"","format":"standard","meta":{"footnotes":""},"categories":[2],"tags":[],"class_list":["post-222","post","type-post","status-publish","format-standard","has-post-thumbnail","hentry","category-novidades"],"yoast_head":"<!-- This site is optimized with the Yoast SEO plugin v27.4 - https:\/\/yoast.com\/product\/yoast-seo-wordpress\/ -->\n<title>Dicas para adaptar o im\u00f3vel para os idosos - Nova S\u00e3o Paulo - Blog<\/title>\n<meta name=\"description\" content=\"\u00c9 poss\u00edvel proporcionar mais seguran\u00e7a e qualidade de vida para os idosos. Confira algumas dicas que separamos para te ajudar a adaptar o im\u00f3vel para os idosos.\" \/>\n<meta name=\"robots\" content=\"index, follow, max-snippet:-1, max-image-preview:large, max-video-preview:-1\" \/>\n<link rel=\"canonical\" href=\"https:\/\/www.novasaopaulo.com.br\/blog\/dicas-para-adaptar-o-imovel-para-os-idosos\/\" \/>\n<meta property=\"og:locale\" content=\"pt_BR\" \/>\n<meta property=\"og:type\" content=\"article\" \/>\n<meta property=\"og:title\" content=\"Dicas para adaptar o im\u00f3vel para os idosos - Nova S\u00e3o Paulo - Blog\" \/>\n<meta property=\"og:description\" content=\"\u00c9 poss\u00edvel proporcionar mais seguran\u00e7a e qualidade de vida para os idosos. Confira algumas dicas que separamos para te ajudar a adaptar o im\u00f3vel para os idosos.\" \/>\n<meta property=\"og:url\" content=\"https:\/\/www.novasaopaulo.com.br\/blog\/dicas-para-adaptar-o-imovel-para-os-idosos\/\" \/>\n<meta property=\"og:site_name\" content=\"Nova S\u00e3o Paulo - Blog\" \/>\n<meta property=\"article:publisher\" content=\"https:\/\/www.facebook.com\/novasaopaulo\" \/>\n<meta property=\"article:published_time\" content=\"2022-07-28T20:55:36+00:00\" \/>\n<meta property=\"article:modified_time\" content=\"2022-10-11T17:34:18+00:00\" \/>\n<meta property=\"og:image\" content=\"https:\/\/www.novasaopaulo.com.br\/blog\/wp-content\/uploads\/2022\/07\/Nova-SP-Julho-POST-6.jpg\" \/>\n\t<meta property=\"og:image:width\" content=\"2000\" \/>\n\t<meta property=\"og:image:height\" content=\"2000\" \/>\n\t<meta property=\"og:image:type\" content=\"image\/jpeg\" \/>\n<meta name=\"author\" content=\"Nova SP\" \/>\n<meta name=\"twitter:card\" content=\"summary_large_image\" \/>\n<meta name=\"twitter:label1\" content=\"Escrito por\" \/>\n\t<meta name=\"twitter:data1\" content=\"Nova SP\" \/>\n\t<meta name=\"twitter:label2\" content=\"Est. tempo de leitura\" \/>\n\t<meta name=\"twitter:data2\" content=\"3 minutos\" \/>\n<script type=\"application\/ld+json\" class=\"yoast-schema-graph\">{\"@context\":\"https:\\\/\\\/schema.org\",\"@graph\":[{\"@type\":\"Article\",\"@id\":\"https:\\\/\\\/www.novasaopaulo.com.br\\\/blog\\\/dicas-para-adaptar-o-imovel-para-os-idosos\\\/#article\",\"isPartOf\":{\"@id\":\"https:\\\/\\\/www.novasaopaulo.com.br\\\/blog\\\/dicas-para-adaptar-o-imovel-para-os-idosos\\\/\"},\"author\":{\"name\":\"Nova SP\",\"@id\":\"https:\\\/\\\/www.novasaopaulo.com.br\\\/blog\\\/#\\\/schema\\\/person\\\/e04b5ef5fd1da12fc871f0496251bc84\"},\"headline\":\"Dicas para adaptar o im\u00f3vel para os idosos\",\"datePublished\":\"2022-07-28T20:55:36+00:00\",\"dateModified\":\"2022-10-11T17:34:18+00:00\",\"mainEntityOfPage\":{\"@id\":\"https:\\\/\\\/www.novasaopaulo.com.br\\\/blog\\\/dicas-para-adaptar-o-imovel-para-os-idosos\\\/\"},\"wordCount\":535,\"commentCount\":0,\"publisher\":{\"@id\":\"https:\\\/\\\/www.novasaopaulo.com.br\\\/blog\\\/#organization\"},\"image\":{\"@id\":\"https:\\\/\\\/www.novasaopaulo.com.br\\\/blog\\\/dicas-para-adaptar-o-imovel-para-os-idosos\\\/#primaryimage\"},\"thumbnailUrl\":\"https:\\\/\\\/www.novasaopaulo.com.br\\\/blog\\\/wp-content\\\/uploads\\\/2022\\\/07\\\/Nova-SP-Julho-POST-6.jpg\",\"articleSection\":[\"Novidades\"],\"inLanguage\":\"pt-BR\"},{\"@type\":\"WebPage\",\"@id\":\"https:\\\/\\\/www.novasaopaulo.com.br\\\/blog\\\/dicas-para-adaptar-o-imovel-para-os-idosos\\\/\",\"url\":\"https:\\\/\\\/www.novasaopaulo.com.br\\\/blog\\\/dicas-para-adaptar-o-imovel-para-os-idosos\\\/\",\"name\":\"Dicas para adaptar o im\u00f3vel para os idosos - Nova S\u00e3o Paulo - Blog\",\"isPartOf\":{\"@id\":\"https:\\\/\\\/www.novasaopaulo.com.br\\\/blog\\\/#website\"},\"primaryImageOfPage\":{\"@id\":\"https:\\\/\\\/www.novasaopaulo.com.br\\\/blog\\\/dicas-para-adaptar-o-imovel-para-os-idosos\\\/#primaryimage\"},\"image\":{\"@id\":\"https:\\\/\\\/www.novasaopaulo.com.br\\\/blog\\\/dicas-para-adaptar-o-imovel-para-os-idosos\\\/#primaryimage\"},\"thumbnailUrl\":\"https:\\\/\\\/www.novasaopaulo.com.br\\\/blog\\\/wp-content\\\/uploads\\\/2022\\\/07\\\/Nova-SP-Julho-POST-6.jpg\",\"datePublished\":\"2022-07-28T20:55:36+00:00\",\"dateModified\":\"2022-10-11T17:34:18+00:00\",\"description\":\"\u00c9 poss\u00edvel proporcionar mais seguran\u00e7a e qualidade de vida para os idosos. Confira algumas dicas que separamos para te ajudar a adaptar o im\u00f3vel para os idosos.\",\"breadcrumb\":{\"@id\":\"https:\\\/\\\/www.novasaopaulo.com.br\\\/blog\\\/dicas-para-adaptar-o-imovel-para-os-idosos\\\/#breadcrumb\"},\"inLanguage\":\"pt-BR\",\"potentialAction\":[{\"@type\":\"ReadAction\",\"target\":[\"https:\\\/\\\/www.novasaopaulo.com.br\\\/blog\\\/dicas-para-adaptar-o-imovel-para-os-idosos\\\/\"]}]},{\"@type\":\"ImageObject\",\"inLanguage\":\"pt-BR\",\"@id\":\"https:\\\/\\\/www.novasaopaulo.com.br\\\/blog\\\/dicas-para-adaptar-o-imovel-para-os-idosos\\\/#primaryimage\",\"url\":\"https:\\\/\\\/www.novasaopaulo.com.br\\\/blog\\\/wp-content\\\/uploads\\\/2022\\\/07\\\/Nova-SP-Julho-POST-6.jpg\",\"contentUrl\":\"https:\\\/\\\/www.novasaopaulo.com.br\\\/blog\\\/wp-content\\\/uploads\\\/2022\\\/07\\\/Nova-SP-Julho-POST-6.jpg\",\"width\":2000,\"height\":2000,\"caption\":\"Dicas para adaptar o im\u00f3vel para os idosos\"},{\"@type\":\"BreadcrumbList\",\"@id\":\"https:\\\/\\\/www.novasaopaulo.com.br\\\/blog\\\/dicas-para-adaptar-o-imovel-para-os-idosos\\\/#breadcrumb\",\"itemListElement\":[{\"@type\":\"ListItem\",\"position\":1,\"name\":\"Home\",\"item\":\"https:\\\/\\\/www.novasaopaulo.com.br\\\/blog\\\/\"},{\"@type\":\"ListItem\",\"position\":2,\"name\":\"Dicas para adaptar o im\u00f3vel para os idosos\"}]},{\"@type\":\"WebSite\",\"@id\":\"https:\\\/\\\/www.novasaopaulo.com.br\\\/blog\\\/#website\",\"url\":\"https:\\\/\\\/www.novasaopaulo.com.br\\\/blog\\\/\",\"name\":\"Nova S\u00e3o Paulo - Blog\",\"description\":\"O blog da Nova S\u00e3o Paulo leva o conhecimento sobre o mercado imobili\u00e1rio at\u00e9 voc\u00ea\",\"publisher\":{\"@id\":\"https:\\\/\\\/www.novasaopaulo.com.br\\\/blog\\\/#organization\"},\"potentialAction\":[{\"@type\":\"SearchAction\",\"target\":{\"@type\":\"EntryPoint\",\"urlTemplate\":\"https:\\\/\\\/www.novasaopaulo.com.br\\\/blog\\\/?s={search_term_string}\"},\"query-input\":{\"@type\":\"PropertyValueSpecification\",\"valueRequired\":true,\"valueName\":\"search_term_string\"}}],\"inLanguage\":\"pt-BR\"},{\"@type\":\"Organization\",\"@id\":\"https:\\\/\\\/www.novasaopaulo.com.br\\\/blog\\\/#organization\",\"name\":\"Nova S\u00e3o Paulo\",\"url\":\"https:\\\/\\\/www.novasaopaulo.com.br\\\/blog\\\/\",\"logo\":{\"@type\":\"ImageObject\",\"inLanguage\":\"pt-BR\",\"@id\":\"https:\\\/\\\/www.novasaopaulo.com.br\\\/blog\\\/#\\\/schema\\\/logo\\\/image\\\/\",\"url\":\"http:\\\/\\\/localhost\\\/novasaopaulo.com.br-blog\\\/wp-content\\\/uploads\\\/2021\\\/11\\\/nova-sao-paulo.jpg\",\"contentUrl\":\"http:\\\/\\\/localhost\\\/novasaopaulo.com.br-blog\\\/wp-content\\\/uploads\\\/2021\\\/11\\\/nova-sao-paulo.jpg\",\"width\":800,\"height\":600,\"caption\":\"Nova S\u00e3o Paulo\"},\"image\":{\"@id\":\"https:\\\/\\\/www.novasaopaulo.com.br\\\/blog\\\/#\\\/schema\\\/logo\\\/image\\\/\"},\"sameAs\":[\"https:\\\/\\\/www.facebook.com\\\/novasaopaulo\",\"https:\\\/\\\/www.instagram.com\\\/imob.novasaopaulo\\\/\",\"https:\\\/\\\/www.linkedin.com\\\/company\\\/imobiliaria-nova-sao-paulo\\\/\"]},{\"@type\":\"Person\",\"@id\":\"https:\\\/\\\/www.novasaopaulo.com.br\\\/blog\\\/#\\\/schema\\\/person\\\/e04b5ef5fd1da12fc871f0496251bc84\",\"name\":\"Nova SP\",\"image\":{\"@type\":\"ImageObject\",\"inLanguage\":\"pt-BR\",\"@id\":\"https:\\\/\\\/secure.gravatar.com\\\/avatar\\\/96126461058a831acc8445912d8dd41d2842d0363b21d5e222076f979050e3e2?s=96&d=mm&r=g\",\"url\":\"https:\\\/\\\/secure.gravatar.com\\\/avatar\\\/96126461058a831acc8445912d8dd41d2842d0363b21d5e222076f979050e3e2?s=96&d=mm&r=g\",\"contentUrl\":\"https:\\\/\\\/secure.gravatar.com\\\/avatar\\\/96126461058a831acc8445912d8dd41d2842d0363b21d5e222076f979050e3e2?s=96&d=mm&r=g\",\"caption\":\"Nova SP\"},\"url\":\"https:\\\/\\\/www.novasaopaulo.com.br\\\/blog\\\/author\\\/nova-sp\\\/\"}]}<\/script>\n<!-- \/ Yoast SEO plugin. -->","yoast_head_json":{"title":"Dicas para adaptar o im\u00f3vel para os idosos - Nova S\u00e3o Paulo - Blog","description":"\u00c9 poss\u00edvel proporcionar mais seguran\u00e7a e qualidade de vida para os idosos. Confira algumas dicas que separamos para te ajudar a adaptar o im\u00f3vel para os idosos.","robots":{"index":"index","follow":"follow","max-snippet":"max-snippet:-1","max-image-preview":"max-image-preview:large","max-video-preview":"max-video-preview:-1"},"canonical":"https:\/\/www.novasaopaulo.com.br\/blog\/dicas-para-adaptar-o-imovel-para-os-idosos\/","og_locale":"pt_BR","og_type":"article","og_title":"Dicas para adaptar o im\u00f3vel para os idosos - Nova S\u00e3o Paulo - Blog","og_description":"\u00c9 poss\u00edvel proporcionar mais seguran\u00e7a e qualidade de vida para os idosos. Confira algumas dicas que separamos para te ajudar a adaptar o im\u00f3vel para os idosos.","og_url":"https:\/\/www.novasaopaulo.com.br\/blog\/dicas-para-adaptar-o-imovel-para-os-idosos\/","og_site_name":"Nova S\u00e3o Paulo - Blog","article_publisher":"https:\/\/www.facebook.com\/novasaopaulo","article_published_time":"2022-07-28T20:55:36+00:00","article_modified_time":"2022-10-11T17:34:18+00:00","og_image":[{"width":2000,"height":2000,"url":"https:\/\/www.novasaopaulo.com.br\/blog\/wp-content\/uploads\/2022\/07\/Nova-SP-Julho-POST-6.jpg","type":"image\/jpeg"}],"author":"Nova SP","twitter_card":"summary_large_image","twitter_misc":{"Escrito por":"Nova SP","Est. tempo de leitura":"3 minutos"},"schema":{"@context":"https:\/\/schema.org","@graph":[{"@type":"Article","@id":"https:\/\/www.novasaopaulo.com.br\/blog\/dicas-para-adaptar-o-imovel-para-os-idosos\/#article","isPartOf":{"@id":"https:\/\/www.novasaopaulo.com.br\/blog\/dicas-para-adaptar-o-imovel-para-os-idosos\/"},"author":{"name":"Nova SP","@id":"https:\/\/www.novasaopaulo.com.br\/blog\/#\/schema\/person\/e04b5ef5fd1da12fc871f0496251bc84"},"headline":"Dicas para adaptar o im\u00f3vel para os idosos","datePublished":"2022-07-28T20:55:36+00:00","dateModified":"2022-10-11T17:34:18+00:00","mainEntityOfPage":{"@id":"https:\/\/www.novasaopaulo.com.br\/blog\/dicas-para-adaptar-o-imovel-para-os-idosos\/"},"wordCount":535,"commentCount":0,"publisher":{"@id":"https:\/\/www.novasaopaulo.com.br\/blog\/#organization"},"image":{"@id":"https:\/\/www.novasaopaulo.com.br\/blog\/dicas-para-adaptar-o-imovel-para-os-idosos\/#primaryimage"},"thumbnailUrl":"https:\/\/www.novasaopaulo.com.br\/blog\/wp-content\/uploads\/2022\/07\/Nova-SP-Julho-POST-6.jpg","articleSection":["Novidades"],"inLanguage":"pt-BR"},{"@type":"WebPage","@id":"https:\/\/www.novasaopaulo.com.br\/blog\/dicas-para-adaptar-o-imovel-para-os-idosos\/","url":"https:\/\/www.novasaopaulo.com.br\/blog\/dicas-para-adaptar-o-imovel-para-os-idosos\/","name":"Dicas para adaptar o im\u00f3vel para os idosos - Nova S\u00e3o Paulo - Blog","isPartOf":{"@id":"https:\/\/www.novasaopaulo.com.br\/blog\/#website"},"primaryImageOfPage":{"@id":"https:\/\/www.novasaopaulo.com.br\/blog\/dicas-para-adaptar-o-imovel-para-os-idosos\/#primaryimage"},"image":{"@id":"https:\/\/www.novasaopaulo.com.br\/blog\/dicas-para-adaptar-o-imovel-para-os-idosos\/#primaryimage"},"thumbnailUrl":"https:\/\/www.novasaopaulo.com.br\/blog\/wp-content\/uploads\/2022\/07\/Nova-SP-Julho-POST-6.jpg","datePublished":"2022-07-28T20:55:36+00:00","dateModified":"2022-10-11T17:34:18+00:00","description":"\u00c9 poss\u00edvel proporcionar mais seguran\u00e7a e qualidade de vida para os idosos. Confira algumas dicas que separamos para te ajudar a adaptar o im\u00f3vel para os idosos.","breadcrumb":{"@id":"https:\/\/www.novasaopaulo.com.br\/blog\/dicas-para-adaptar-o-imovel-para-os-idosos\/#breadcrumb"},"inLanguage":"pt-BR","potentialAction":[{"@type":"ReadAction","target":["https:\/\/www.novasaopaulo.com.br\/blog\/dicas-para-adaptar-o-imovel-para-os-idosos\/"]}]},{"@type":"ImageObject","inLanguage":"pt-BR","@id":"https:\/\/www.novasaopaulo.com.br\/blog\/dicas-para-adaptar-o-imovel-para-os-idosos\/#primaryimage","url":"https:\/\/www.novasaopaulo.com.br\/blog\/wp-content\/uploads\/2022\/07\/Nova-SP-Julho-POST-6.jpg","contentUrl":"https:\/\/www.novasaopaulo.com.br\/blog\/wp-content\/uploads\/2022\/07\/Nova-SP-Julho-POST-6.jpg","width":2000,"height":2000,"caption":"Dicas para adaptar o im\u00f3vel para os idosos"},{"@type":"BreadcrumbList","@id":"https:\/\/www.novasaopaulo.com.br\/blog\/dicas-para-adaptar-o-imovel-para-os-idosos\/#breadcrumb","itemListElement":[{"@type":"ListItem","position":1,"name":"Home","item":"https:\/\/www.novasaopaulo.com.br\/blog\/"},{"@type":"ListItem","position":2,"name":"Dicas para adaptar o im\u00f3vel para os idosos"}]},{"@type":"WebSite","@id":"https:\/\/www.novasaopaulo.com.br\/blog\/#website","url":"https:\/\/www.novasaopaulo.com.br\/blog\/","name":"Nova S\u00e3o Paulo - Blog","description":"O blog da Nova S\u00e3o Paulo leva o conhecimento sobre o mercado imobili\u00e1rio at\u00e9 voc\u00ea","publisher":{"@id":"https:\/\/www.novasaopaulo.com.br\/blog\/#organization"},"potentialAction":[{"@type":"SearchAction","target":{"@type":"EntryPoint","urlTemplate":"https:\/\/www.novasaopaulo.com.br\/blog\/?s={search_term_string}"},"query-input":{"@type":"PropertyValueSpecification","valueRequired":true,"valueName":"search_term_string"}}],"inLanguage":"pt-BR"},{"@type":"Organization","@id":"https:\/\/www.novasaopaulo.com.br\/blog\/#organization","name":"Nova S\u00e3o Paulo","url":"https:\/\/www.novasaopaulo.com.br\/blog\/","logo":{"@type":"ImageObject","inLanguage":"pt-BR","@id":"https:\/\/www.novasaopaulo.com.br\/blog\/#\/schema\/logo\/image\/","url":"http:\/\/localhost\/novasaopaulo.com.br-blog\/wp-content\/uploads\/2021\/11\/nova-sao-paulo.jpg","contentUrl":"http:\/\/localhost\/novasaopaulo.com.br-blog\/wp-content\/uploads\/2021\/11\/nova-sao-paulo.jpg","width":800,"height":600,"caption":"Nova S\u00e3o Paulo"},"image":{"@id":"https:\/\/www.novasaopaulo.com.br\/blog\/#\/schema\/logo\/image\/"},"sameAs":["https:\/\/www.facebook.com\/novasaopaulo","https:\/\/www.instagram.com\/imob.novasaopaulo\/","https:\/\/www.linkedin.com\/company\/imobiliaria-nova-sao-paulo\/"]},{"@type":"Person","@id":"https:\/\/www.novasaopaulo.com.br\/blog\/#\/schema\/person\/e04b5ef5fd1da12fc871f0496251bc84","name":"Nova SP","image":{"@type":"ImageObject","inLanguage":"pt-BR","@id":"https:\/\/secure.gravatar.com\/avatar\/96126461058a831acc8445912d8dd41d2842d0363b21d5e222076f979050e3e2?s=96&d=mm&r=g","url":"https:\/\/secure.gravatar.com\/avatar\/96126461058a831acc8445912d8dd41d2842d0363b21d5e222076f979050e3e2?s=96&d=mm&r=g","contentUrl":"https:\/\/secure.gravatar.com\/avatar\/96126461058a831acc8445912d8dd41d2842d0363b21d5e222076f979050e3e2?s=96&d=mm&r=g","caption":"Nova SP"},"url":"https:\/\/www.novasaopaulo.com.br\/blog\/author\/nova-sp\/"}]}},"_links":{"self":[{"href":"https:\/\/www.novasaopaulo.com.br\/blog\/wp-json\/wp\/v2\/posts\/222","targetHints":{"allow":["GET"]}}],"collection":[{"href":"https:\/\/www.novasaopaulo.com.br\/blog\/wp-json\/wp\/v2\/posts"}],"about":[{"href":"https:\/\/www.novasaopaulo.com.br\/blog\/wp-json\/wp\/v2\/types\/post"}],"author":[{"embeddable":true,"href":"https:\/\/www.novasaopaulo.com.br\/blog\/wp-json\/wp\/v2\/users\/1"}],"replies":[{"embeddable":true,"href":"https:\/\/www.novasaopaulo.com.br\/blog\/wp-json\/wp\/v2\/comments?post=222"}],"version-history":[{"count":4,"href":"https:\/\/www.novasaopaulo.com.br\/blog\/wp-json\/wp\/v2\/posts\/222\/revisions"}],"predecessor-version":[{"id":276,"href":"https:\/\/www.novasaopaulo.com.br\/blog\/wp-json\/wp\/v2\/posts\/222\/revisions\/276"}],"wp:featuredmedia":[{"embeddable":true,"href":"https:\/\/www.novasaopaulo.com.br\/blog\/wp-json\/wp\/v2\/media\/275"}],"wp:attachment":[{"href":"https:\/\/www.novasaopaulo.com.br\/blog\/wp-json\/wp\/v2\/media?parent=222"}],"wp:term":[{"taxonomy":"category","embeddable":true,"href":"https:\/\/www.novasaopaulo.com.br\/blog\/wp-json\/wp\/v2\/categories?post=222"},{"taxonomy":"post_tag","embeddable":true,"href":"https:\/\/www.novasaopaulo.com.br\/blog\/wp-json\/wp\/v2\/tags?post=222"}],"curies":[{"name":"wp","href":"https:\/\/api.w.org\/{rel}","templated":true}]}}