
{"id":546,"date":"2024-03-15T18:12:41","date_gmt":"2024-03-15T21:12:41","guid":{"rendered":"https:\/\/www.novasaopaulo.com.br\/blog\/?p=546"},"modified":"2024-03-15T18:12:41","modified_gmt":"2024-03-15T21:12:41","slug":"onde-comer-na-praca-da-arvore","status":"publish","type":"post","link":"https:\/\/www.novasaopaulo.com.br\/blog\/onde-comer-na-praca-da-arvore\/","title":{"rendered":"Onde comer na pra\u00e7a da \u00e1rvore?"},"content":{"rendered":"<p><span style=\"font-weight: 400;\">S<\/span><\/p>\n<p><span style=\"font-weight: 400;\">Localizado na zona sul de S\u00e3o Paulo, a Pra\u00e7a da \u00c1rvore \u00e9 mais do que um bairro comum &#8211; \u00e9 um enclave de hist\u00f3rias, cultura e, \u00e9 claro, uma diversidade culin\u00e1ria que cativa os sentidos. Desde suas origens modestas no s\u00e9culo XX at\u00e9 sua evolu\u00e7\u00e3o para um epicentro gastron\u00f4mico, a Pra\u00e7a da \u00c1rvore tem uma hist\u00f3ria rica e vibrante que merece ser explorada.<\/span><\/p>\n<p><b>A Hist\u00f3ria da Pra\u00e7a da \u00c1rvore: Das Origens \u00e0 Vitalidade Atual<\/b><\/p>\n<p><span style=\"font-weight: 400;\">No in\u00edcio do s\u00e9culo XX, S\u00e3o Paulo estava passando por uma transforma\u00e7\u00e3o urbana sem precedentes. A Pra\u00e7a da \u00c1rvore nasceu desse contexto, em meio ao crescimento e \u00e0 expans\u00e3o da cidade. Seu nome deriva de uma grande \u00e1rvore que, segundo a lenda local, servia como ponto de encontro para os moradores.<\/span><\/p>\n<p><span style=\"font-weight: 400;\">Com o tempo, o bairro se desenvolveu e se tornou um local residencial popular, conhecido por sua comunidade acolhedora e ambiente tranquilo. No entanto, foi nos \u00faltimos anos que a Pra\u00e7a da \u00c1rvore realmente floresceu, especialmente no que diz respeito \u00e0 sua cena gastron\u00f4mica.<\/span><\/p>\n<p><b>O Renascimento Gastron\u00f4mico da Pra\u00e7a da \u00c1rvore<\/b><\/p>\n<p><span style=\"font-weight: 400;\">Hoje, a Pra\u00e7a da \u00c1rvore \u00e9 um destino imperd\u00edvel para os amantes da boa comida. Uma mir\u00edade de restaurantes, caf\u00e9s e bares pontilham suas ruas, oferecendo uma ampla variedade de op\u00e7\u00f5es culin\u00e1rias para todos os gostos e prefer\u00eancias.<\/span><\/p>\n<p><span style=\"font-weight: 400;\">Um dos destaques dessa revitaliza\u00e7\u00e3o gastron\u00f4mica \u00e9 a diversidade de culin\u00e1rias \u00e9tnicas representadas no bairro. Desde restaurantes tradicionais brasileiros at\u00e9 estabelecimentos que servem pratos ex\u00f3ticos de pa\u00edses distantes, h\u00e1 algo para todos os paladares na Pra\u00e7a da \u00c1rvore.<\/span><\/p>\n<p><b>Uma Experi\u00eancia Gastron\u00f4mica para Todos os Sentidos<\/b><\/p>\n<p><span style=\"font-weight: 400;\">Ao explorar a Pra\u00e7a da \u00c1rvore, os visitantes s\u00e3o convidados a embarcar em uma jornada culin\u00e1ria \u00fanica. Desde o aroma tentador do churrasco brasileiro at\u00e9 o sabor ex\u00f3tico do sushi japon\u00eas, cada refei\u00e7\u00e3o \u00e9 uma celebra\u00e7\u00e3o dos sentidos e uma homenagem \u00e0 diversidade cultural do Brasil.<\/span><\/p>\n<p><b>Destinos Culin\u00e1rios Emblem\u00e1ticos da Pra\u00e7a da \u00c1rvore<\/b><\/p>\n<p><span style=\"font-weight: 400;\">Entre os muitos estabelecimentos gastron\u00f4micos do bairro, alguns se destacam como verdadeiros \u00edcones culin\u00e1rios.<\/span><\/p>\n<p><span style=\"font-weight: 400;\">O <\/span><span style=\"font-weight: 400;\">Lamen A\u00e7u<\/span><span style=\"font-weight: 400;\"> \u00e9 reverenciado por sua aut\u00eantica culin\u00e1ria japonesa, oferecendo uma variedade de pratos de lamen que conquistam at\u00e9 os paladares mais exigentes. Seus sabores ricos e reconfortantes s\u00e3o uma verdadeira indulg\u00eancia para os amantes da comida asi\u00e1tica.<\/span><\/p>\n<p><span style=\"font-weight: 400;\">J\u00e1 o <\/span><span style=\"font-weight: 400;\">Esta\u00e7\u00e3o Cozinha Nordestina<\/span><span style=\"font-weight: 400;\"> transporta os comensais para as ensolaradas terras do nordeste brasileiro, com pratos t\u00edpicos que exalam os aromas e sabores caracter\u00edsticos da regi\u00e3o. Cada mordida \u00e9 uma viagem sensorial atrav\u00e9s das tradi\u00e7\u00f5es culin\u00e1rias do Brasil.<\/span><\/p>\n<p><span style=\"font-weight: 400;\">Al\u00e9m disso, o<\/span><span style=\"font-weight: 400;\"> Restaurante Novo Eskema<\/span><span style=\"font-weight: 400;\"> encanta os clientes com sua mistura \u00fanica de comida caseira brasileira e pratos japoneses cuidadosamente preparados. Seu sistema self-service por quilo permite aos clientes experimentar uma ampla variedade de sabores, tornando cada visita uma experi\u00eancia verdadeiramente \u00fanica.<\/span><\/p>\n<p><span style=\"font-weight: 400;\">Por fim, o <\/span><span style=\"font-weight: 400;\">Restaurante Taiyoo<\/span><span style=\"font-weight: 400;\"> \u00e9 um o\u00e1sis para os amantes da culin\u00e1ria japonesa, oferecendo uma sele\u00e7\u00e3o incompar\u00e1vel de pratos quentes e sushis frescos. Seu Taiyoo Market, adjacentes ao restaurante, oferece uma variedade de produtos orientais importados e nacionais, proporcionando uma experi\u00eancia gastron\u00f4mica completa.<\/span><\/p>\n<p><b>Encontre o Lar dos Seus Sonhos com a Nova S\u00e3o Paulo<\/b><\/p>\n<p>Com a Pra\u00e7a da \u00c1rvore conquistando cada vez mais reconhecimento como um destino gastron\u00f4mico de renome, muitos est\u00e3o considerando investir em im\u00f3veis nesta vibrante comunidade. A <a href=\"https:\/\/www.novasaopaulo.com.br\/\">Nova S\u00e3o Paulo<\/a> est\u00e1 aqui para ajudar nessa jornada, oferecendo uma ampla gama de op\u00e7\u00f5es imobili\u00e1rias na Pra\u00e7a da \u00c1rvore e em outras regi\u00f5es de S\u00e3o Paulo.<\/p>\n<p>Nossa equipe dedicada est\u00e1 comprometida em ajud\u00e1-lo a encontrar o lar dos seus sonhos, proporcionando assist\u00eancia em todas as etapas do processo de compra ou aluguel de im\u00f3veis. Com um profundo conhecimento do mercado imobili\u00e1rio local e uma abordagem personalizada para cada cliente, estamos prontos para tornar seus sonhos de moradia uma realidade.<\/p>\n","protected":false},"excerpt":{"rendered":"<p>S Localizado na zona sul de S\u00e3o Paulo, a Pra\u00e7a da \u00c1rvore \u00e9 mais do que um bairro comum &#8211; \u00e9 um enclave de hist\u00f3rias, cultura e, \u00e9 claro, uma diversidade culin\u00e1ria que cativa os sentidos. Desde suas origens modestas no s\u00e9culo XX at\u00e9 sua evolu\u00e7\u00e3o para um epicentro gastron\u00f4mico, a Pra\u00e7a da \u00c1rvore tem [&hellip;]<\/p>\n","protected":false},"author":1,"featured_media":547,"comment_status":"open","ping_status":"open","sticky":false,"template":"","format":"standard","meta":{"footnotes":""},"categories":[1],"tags":[],"class_list":["post-546","post","type-post","status-publish","format-standard","has-post-thumbnail","hentry","category-sem-categoria"],"yoast_head":"<!-- This site is optimized with the Yoast SEO plugin v27.5 - https:\/\/yoast.com\/product\/yoast-seo-wordpress\/ -->\n<title>Onde comer na pra\u00e7a da \u00e1rvore? - Nova S\u00e3o Paulo - Blog<\/title>\n<meta name=\"description\" content=\"Desde suas origens at\u00e9 sua evolu\u00e7\u00e3o , a Pra\u00e7a da \u00c1rvore tem uma hist\u00f3ria rica e vibrante que merece ser explorada.\" \/>\n<meta name=\"robots\" content=\"index, follow, max-snippet:-1, max-image-preview:large, max-video-preview:-1\" \/>\n<link rel=\"canonical\" href=\"https:\/\/www.novasaopaulo.com.br\/blog\/onde-comer-na-praca-da-arvore\/\" \/>\n<meta property=\"og:locale\" content=\"pt_BR\" \/>\n<meta property=\"og:type\" content=\"article\" \/>\n<meta property=\"og:title\" content=\"Onde comer na pra\u00e7a da \u00e1rvore? - Nova S\u00e3o Paulo - Blog\" \/>\n<meta property=\"og:description\" content=\"Desde suas origens at\u00e9 sua evolu\u00e7\u00e3o , a Pra\u00e7a da \u00c1rvore tem uma hist\u00f3ria rica e vibrante que merece ser explorada.\" \/>\n<meta property=\"og:url\" content=\"https:\/\/www.novasaopaulo.com.br\/blog\/onde-comer-na-praca-da-arvore\/\" \/>\n<meta property=\"og:site_name\" content=\"Nova S\u00e3o Paulo - Blog\" \/>\n<meta property=\"article:publisher\" content=\"https:\/\/www.facebook.com\/novasaopaulo\" \/>\n<meta property=\"article:published_time\" content=\"2024-03-15T21:12:41+00:00\" \/>\n<meta property=\"og:image\" content=\"https:\/\/www.novasaopaulo.com.br\/blog\/wp-content\/uploads\/2024\/03\/14.png\" \/>\n\t<meta property=\"og:image:width\" content=\"1080\" \/>\n\t<meta property=\"og:image:height\" content=\"1080\" \/>\n\t<meta property=\"og:image:type\" content=\"image\/png\" \/>\n<meta name=\"author\" content=\"Nova SP\" \/>\n<meta name=\"twitter:card\" content=\"summary_large_image\" \/>\n<meta name=\"twitter:label1\" content=\"Escrito por\" \/>\n\t<meta name=\"twitter:data1\" content=\"Nova SP\" \/>\n\t<meta name=\"twitter:label2\" content=\"Est. tempo de leitura\" \/>\n\t<meta name=\"twitter:data2\" content=\"4 minutos\" \/>\n<script type=\"application\/ld+json\" class=\"yoast-schema-graph\">{\"@context\":\"https:\\\/\\\/schema.org\",\"@graph\":[{\"@type\":\"Article\",\"@id\":\"https:\\\/\\\/www.novasaopaulo.com.br\\\/blog\\\/onde-comer-na-praca-da-arvore\\\/#article\",\"isPartOf\":{\"@id\":\"https:\\\/\\\/www.novasaopaulo.com.br\\\/blog\\\/onde-comer-na-praca-da-arvore\\\/\"},\"author\":{\"name\":\"Nova SP\",\"@id\":\"https:\\\/\\\/www.novasaopaulo.com.br\\\/blog\\\/#\\\/schema\\\/person\\\/e04b5ef5fd1da12fc871f0496251bc84\"},\"headline\":\"Onde comer na pra\u00e7a da \u00e1rvore?\",\"datePublished\":\"2024-03-15T21:12:41+00:00\",\"mainEntityOfPage\":{\"@id\":\"https:\\\/\\\/www.novasaopaulo.com.br\\\/blog\\\/onde-comer-na-praca-da-arvore\\\/\"},\"wordCount\":687,\"commentCount\":0,\"publisher\":{\"@id\":\"https:\\\/\\\/www.novasaopaulo.com.br\\\/blog\\\/#organization\"},\"image\":{\"@id\":\"https:\\\/\\\/www.novasaopaulo.com.br\\\/blog\\\/onde-comer-na-praca-da-arvore\\\/#primaryimage\"},\"thumbnailUrl\":\"https:\\\/\\\/www.novasaopaulo.com.br\\\/blog\\\/wp-content\\\/uploads\\\/2024\\\/03\\\/14.png\",\"inLanguage\":\"pt-BR\"},{\"@type\":\"WebPage\",\"@id\":\"https:\\\/\\\/www.novasaopaulo.com.br\\\/blog\\\/onde-comer-na-praca-da-arvore\\\/\",\"url\":\"https:\\\/\\\/www.novasaopaulo.com.br\\\/blog\\\/onde-comer-na-praca-da-arvore\\\/\",\"name\":\"Onde comer na pra\u00e7a da \u00e1rvore? - Nova S\u00e3o Paulo - Blog\",\"isPartOf\":{\"@id\":\"https:\\\/\\\/www.novasaopaulo.com.br\\\/blog\\\/#website\"},\"primaryImageOfPage\":{\"@id\":\"https:\\\/\\\/www.novasaopaulo.com.br\\\/blog\\\/onde-comer-na-praca-da-arvore\\\/#primaryimage\"},\"image\":{\"@id\":\"https:\\\/\\\/www.novasaopaulo.com.br\\\/blog\\\/onde-comer-na-praca-da-arvore\\\/#primaryimage\"},\"thumbnailUrl\":\"https:\\\/\\\/www.novasaopaulo.com.br\\\/blog\\\/wp-content\\\/uploads\\\/2024\\\/03\\\/14.png\",\"datePublished\":\"2024-03-15T21:12:41+00:00\",\"description\":\"Desde suas origens at\u00e9 sua evolu\u00e7\u00e3o , a Pra\u00e7a da \u00c1rvore tem uma hist\u00f3ria rica e vibrante que merece ser explorada.\",\"breadcrumb\":{\"@id\":\"https:\\\/\\\/www.novasaopaulo.com.br\\\/blog\\\/onde-comer-na-praca-da-arvore\\\/#breadcrumb\"},\"inLanguage\":\"pt-BR\",\"potentialAction\":[{\"@type\":\"ReadAction\",\"target\":[\"https:\\\/\\\/www.novasaopaulo.com.br\\\/blog\\\/onde-comer-na-praca-da-arvore\\\/\"]}]},{\"@type\":\"ImageObject\",\"inLanguage\":\"pt-BR\",\"@id\":\"https:\\\/\\\/www.novasaopaulo.com.br\\\/blog\\\/onde-comer-na-praca-da-arvore\\\/#primaryimage\",\"url\":\"https:\\\/\\\/www.novasaopaulo.com.br\\\/blog\\\/wp-content\\\/uploads\\\/2024\\\/03\\\/14.png\",\"contentUrl\":\"https:\\\/\\\/www.novasaopaulo.com.br\\\/blog\\\/wp-content\\\/uploads\\\/2024\\\/03\\\/14.png\",\"width\":1080,\"height\":1080,\"caption\":\"pra\u00e7a da arvore\"},{\"@type\":\"BreadcrumbList\",\"@id\":\"https:\\\/\\\/www.novasaopaulo.com.br\\\/blog\\\/onde-comer-na-praca-da-arvore\\\/#breadcrumb\",\"itemListElement\":[{\"@type\":\"ListItem\",\"position\":1,\"name\":\"Home\",\"item\":\"https:\\\/\\\/www.novasaopaulo.com.br\\\/blog\\\/\"},{\"@type\":\"ListItem\",\"position\":2,\"name\":\"Onde comer na pra\u00e7a da \u00e1rvore?\"}]},{\"@type\":\"WebSite\",\"@id\":\"https:\\\/\\\/www.novasaopaulo.com.br\\\/blog\\\/#website\",\"url\":\"https:\\\/\\\/www.novasaopaulo.com.br\\\/blog\\\/\",\"name\":\"Nova S\u00e3o Paulo - Blog\",\"description\":\"O blog da Nova S\u00e3o Paulo leva o conhecimento sobre o mercado imobili\u00e1rio at\u00e9 voc\u00ea\",\"publisher\":{\"@id\":\"https:\\\/\\\/www.novasaopaulo.com.br\\\/blog\\\/#organization\"},\"potentialAction\":[{\"@type\":\"SearchAction\",\"target\":{\"@type\":\"EntryPoint\",\"urlTemplate\":\"https:\\\/\\\/www.novasaopaulo.com.br\\\/blog\\\/?s={search_term_string}\"},\"query-input\":{\"@type\":\"PropertyValueSpecification\",\"valueRequired\":true,\"valueName\":\"search_term_string\"}}],\"inLanguage\":\"pt-BR\"},{\"@type\":\"Organization\",\"@id\":\"https:\\\/\\\/www.novasaopaulo.com.br\\\/blog\\\/#organization\",\"name\":\"Nova S\u00e3o Paulo\",\"url\":\"https:\\\/\\\/www.novasaopaulo.com.br\\\/blog\\\/\",\"logo\":{\"@type\":\"ImageObject\",\"inLanguage\":\"pt-BR\",\"@id\":\"https:\\\/\\\/www.novasaopaulo.com.br\\\/blog\\\/#\\\/schema\\\/logo\\\/image\\\/\",\"url\":\"http:\\\/\\\/localhost\\\/novasaopaulo.com.br-blog\\\/wp-content\\\/uploads\\\/2021\\\/11\\\/nova-sao-paulo.jpg\",\"contentUrl\":\"http:\\\/\\\/localhost\\\/novasaopaulo.com.br-blog\\\/wp-content\\\/uploads\\\/2021\\\/11\\\/nova-sao-paulo.jpg\",\"width\":800,\"height\":600,\"caption\":\"Nova S\u00e3o Paulo\"},\"image\":{\"@id\":\"https:\\\/\\\/www.novasaopaulo.com.br\\\/blog\\\/#\\\/schema\\\/logo\\\/image\\\/\"},\"sameAs\":[\"https:\\\/\\\/www.facebook.com\\\/novasaopaulo\",\"https:\\\/\\\/www.instagram.com\\\/imob.novasaopaulo\\\/\",\"https:\\\/\\\/www.linkedin.com\\\/company\\\/imobiliaria-nova-sao-paulo\\\/\"]},{\"@type\":\"Person\",\"@id\":\"https:\\\/\\\/www.novasaopaulo.com.br\\\/blog\\\/#\\\/schema\\\/person\\\/e04b5ef5fd1da12fc871f0496251bc84\",\"name\":\"Nova SP\",\"image\":{\"@type\":\"ImageObject\",\"inLanguage\":\"pt-BR\",\"@id\":\"https:\\\/\\\/secure.gravatar.com\\\/avatar\\\/96126461058a831acc8445912d8dd41d2842d0363b21d5e222076f979050e3e2?s=96&d=mm&r=g\",\"url\":\"https:\\\/\\\/secure.gravatar.com\\\/avatar\\\/96126461058a831acc8445912d8dd41d2842d0363b21d5e222076f979050e3e2?s=96&d=mm&r=g\",\"contentUrl\":\"https:\\\/\\\/secure.gravatar.com\\\/avatar\\\/96126461058a831acc8445912d8dd41d2842d0363b21d5e222076f979050e3e2?s=96&d=mm&r=g\",\"caption\":\"Nova SP\"},\"url\":\"https:\\\/\\\/www.novasaopaulo.com.br\\\/blog\\\/author\\\/nova-sp\\\/\"}]}<\/script>\n<!-- \/ Yoast SEO plugin. -->","yoast_head_json":{"title":"Onde comer na pra\u00e7a da \u00e1rvore? - Nova S\u00e3o Paulo - Blog","description":"Desde suas origens at\u00e9 sua evolu\u00e7\u00e3o , a Pra\u00e7a da \u00c1rvore tem uma hist\u00f3ria rica e vibrante que merece ser explorada.","robots":{"index":"index","follow":"follow","max-snippet":"max-snippet:-1","max-image-preview":"max-image-preview:large","max-video-preview":"max-video-preview:-1"},"canonical":"https:\/\/www.novasaopaulo.com.br\/blog\/onde-comer-na-praca-da-arvore\/","og_locale":"pt_BR","og_type":"article","og_title":"Onde comer na pra\u00e7a da \u00e1rvore? - Nova S\u00e3o Paulo - Blog","og_description":"Desde suas origens at\u00e9 sua evolu\u00e7\u00e3o , a Pra\u00e7a da \u00c1rvore tem uma hist\u00f3ria rica e vibrante que merece ser explorada.","og_url":"https:\/\/www.novasaopaulo.com.br\/blog\/onde-comer-na-praca-da-arvore\/","og_site_name":"Nova S\u00e3o Paulo - Blog","article_publisher":"https:\/\/www.facebook.com\/novasaopaulo","article_published_time":"2024-03-15T21:12:41+00:00","og_image":[{"width":1080,"height":1080,"url":"https:\/\/www.novasaopaulo.com.br\/blog\/wp-content\/uploads\/2024\/03\/14.png","type":"image\/png"}],"author":"Nova SP","twitter_card":"summary_large_image","twitter_misc":{"Escrito por":"Nova SP","Est. tempo de leitura":"4 minutos"},"schema":{"@context":"https:\/\/schema.org","@graph":[{"@type":"Article","@id":"https:\/\/www.novasaopaulo.com.br\/blog\/onde-comer-na-praca-da-arvore\/#article","isPartOf":{"@id":"https:\/\/www.novasaopaulo.com.br\/blog\/onde-comer-na-praca-da-arvore\/"},"author":{"name":"Nova SP","@id":"https:\/\/www.novasaopaulo.com.br\/blog\/#\/schema\/person\/e04b5ef5fd1da12fc871f0496251bc84"},"headline":"Onde comer na pra\u00e7a da \u00e1rvore?","datePublished":"2024-03-15T21:12:41+00:00","mainEntityOfPage":{"@id":"https:\/\/www.novasaopaulo.com.br\/blog\/onde-comer-na-praca-da-arvore\/"},"wordCount":687,"commentCount":0,"publisher":{"@id":"https:\/\/www.novasaopaulo.com.br\/blog\/#organization"},"image":{"@id":"https:\/\/www.novasaopaulo.com.br\/blog\/onde-comer-na-praca-da-arvore\/#primaryimage"},"thumbnailUrl":"https:\/\/www.novasaopaulo.com.br\/blog\/wp-content\/uploads\/2024\/03\/14.png","inLanguage":"pt-BR"},{"@type":"WebPage","@id":"https:\/\/www.novasaopaulo.com.br\/blog\/onde-comer-na-praca-da-arvore\/","url":"https:\/\/www.novasaopaulo.com.br\/blog\/onde-comer-na-praca-da-arvore\/","name":"Onde comer na pra\u00e7a da \u00e1rvore? - Nova S\u00e3o Paulo - Blog","isPartOf":{"@id":"https:\/\/www.novasaopaulo.com.br\/blog\/#website"},"primaryImageOfPage":{"@id":"https:\/\/www.novasaopaulo.com.br\/blog\/onde-comer-na-praca-da-arvore\/#primaryimage"},"image":{"@id":"https:\/\/www.novasaopaulo.com.br\/blog\/onde-comer-na-praca-da-arvore\/#primaryimage"},"thumbnailUrl":"https:\/\/www.novasaopaulo.com.br\/blog\/wp-content\/uploads\/2024\/03\/14.png","datePublished":"2024-03-15T21:12:41+00:00","description":"Desde suas origens at\u00e9 sua evolu\u00e7\u00e3o , a Pra\u00e7a da \u00c1rvore tem uma hist\u00f3ria rica e vibrante que merece ser explorada.","breadcrumb":{"@id":"https:\/\/www.novasaopaulo.com.br\/blog\/onde-comer-na-praca-da-arvore\/#breadcrumb"},"inLanguage":"pt-BR","potentialAction":[{"@type":"ReadAction","target":["https:\/\/www.novasaopaulo.com.br\/blog\/onde-comer-na-praca-da-arvore\/"]}]},{"@type":"ImageObject","inLanguage":"pt-BR","@id":"https:\/\/www.novasaopaulo.com.br\/blog\/onde-comer-na-praca-da-arvore\/#primaryimage","url":"https:\/\/www.novasaopaulo.com.br\/blog\/wp-content\/uploads\/2024\/03\/14.png","contentUrl":"https:\/\/www.novasaopaulo.com.br\/blog\/wp-content\/uploads\/2024\/03\/14.png","width":1080,"height":1080,"caption":"pra\u00e7a da arvore"},{"@type":"BreadcrumbList","@id":"https:\/\/www.novasaopaulo.com.br\/blog\/onde-comer-na-praca-da-arvore\/#breadcrumb","itemListElement":[{"@type":"ListItem","position":1,"name":"Home","item":"https:\/\/www.novasaopaulo.com.br\/blog\/"},{"@type":"ListItem","position":2,"name":"Onde comer na pra\u00e7a da \u00e1rvore?"}]},{"@type":"WebSite","@id":"https:\/\/www.novasaopaulo.com.br\/blog\/#website","url":"https:\/\/www.novasaopaulo.com.br\/blog\/","name":"Nova S\u00e3o Paulo - Blog","description":"O blog da Nova S\u00e3o Paulo leva o conhecimento sobre o mercado imobili\u00e1rio at\u00e9 voc\u00ea","publisher":{"@id":"https:\/\/www.novasaopaulo.com.br\/blog\/#organization"},"potentialAction":[{"@type":"SearchAction","target":{"@type":"EntryPoint","urlTemplate":"https:\/\/www.novasaopaulo.com.br\/blog\/?s={search_term_string}"},"query-input":{"@type":"PropertyValueSpecification","valueRequired":true,"valueName":"search_term_string"}}],"inLanguage":"pt-BR"},{"@type":"Organization","@id":"https:\/\/www.novasaopaulo.com.br\/blog\/#organization","name":"Nova S\u00e3o Paulo","url":"https:\/\/www.novasaopaulo.com.br\/blog\/","logo":{"@type":"ImageObject","inLanguage":"pt-BR","@id":"https:\/\/www.novasaopaulo.com.br\/blog\/#\/schema\/logo\/image\/","url":"http:\/\/localhost\/novasaopaulo.com.br-blog\/wp-content\/uploads\/2021\/11\/nova-sao-paulo.jpg","contentUrl":"http:\/\/localhost\/novasaopaulo.com.br-blog\/wp-content\/uploads\/2021\/11\/nova-sao-paulo.jpg","width":800,"height":600,"caption":"Nova S\u00e3o Paulo"},"image":{"@id":"https:\/\/www.novasaopaulo.com.br\/blog\/#\/schema\/logo\/image\/"},"sameAs":["https:\/\/www.facebook.com\/novasaopaulo","https:\/\/www.instagram.com\/imob.novasaopaulo\/","https:\/\/www.linkedin.com\/company\/imobiliaria-nova-sao-paulo\/"]},{"@type":"Person","@id":"https:\/\/www.novasaopaulo.com.br\/blog\/#\/schema\/person\/e04b5ef5fd1da12fc871f0496251bc84","name":"Nova SP","image":{"@type":"ImageObject","inLanguage":"pt-BR","@id":"https:\/\/secure.gravatar.com\/avatar\/96126461058a831acc8445912d8dd41d2842d0363b21d5e222076f979050e3e2?s=96&d=mm&r=g","url":"https:\/\/secure.gravatar.com\/avatar\/96126461058a831acc8445912d8dd41d2842d0363b21d5e222076f979050e3e2?s=96&d=mm&r=g","contentUrl":"https:\/\/secure.gravatar.com\/avatar\/96126461058a831acc8445912d8dd41d2842d0363b21d5e222076f979050e3e2?s=96&d=mm&r=g","caption":"Nova SP"},"url":"https:\/\/www.novasaopaulo.com.br\/blog\/author\/nova-sp\/"}]}},"_links":{"self":[{"href":"https:\/\/www.novasaopaulo.com.br\/blog\/wp-json\/wp\/v2\/posts\/546","targetHints":{"allow":["GET"]}}],"collection":[{"href":"https:\/\/www.novasaopaulo.com.br\/blog\/wp-json\/wp\/v2\/posts"}],"about":[{"href":"https:\/\/www.novasaopaulo.com.br\/blog\/wp-json\/wp\/v2\/types\/post"}],"author":[{"embeddable":true,"href":"https:\/\/www.novasaopaulo.com.br\/blog\/wp-json\/wp\/v2\/users\/1"}],"replies":[{"embeddable":true,"href":"https:\/\/www.novasaopaulo.com.br\/blog\/wp-json\/wp\/v2\/comments?post=546"}],"version-history":[{"count":1,"href":"https:\/\/www.novasaopaulo.com.br\/blog\/wp-json\/wp\/v2\/posts\/546\/revisions"}],"predecessor-version":[{"id":548,"href":"https:\/\/www.novasaopaulo.com.br\/blog\/wp-json\/wp\/v2\/posts\/546\/revisions\/548"}],"wp:featuredmedia":[{"embeddable":true,"href":"https:\/\/www.novasaopaulo.com.br\/blog\/wp-json\/wp\/v2\/media\/547"}],"wp:attachment":[{"href":"https:\/\/www.novasaopaulo.com.br\/blog\/wp-json\/wp\/v2\/media?parent=546"}],"wp:term":[{"taxonomy":"category","embeddable":true,"href":"https:\/\/www.novasaopaulo.com.br\/blog\/wp-json\/wp\/v2\/categories?post=546"},{"taxonomy":"post_tag","embeddable":true,"href":"https:\/\/www.novasaopaulo.com.br\/blog\/wp-json\/wp\/v2\/tags?post=546"}],"curies":[{"name":"wp","href":"https:\/\/api.w.org\/{rel}","templated":true}]}}