
{"id":72,"date":"2020-06-11T16:14:00","date_gmt":"2020-06-11T19:14:00","guid":{"rendered":"http:\/\/localhost\/novasaopaulo.com.br-blog\/?p=72"},"modified":"2021-11-08T17:23:56","modified_gmt":"2021-11-08T19:23:56","slug":"decoracao-de-cada-estacao-do-ano","status":"publish","type":"post","link":"https:\/\/www.novasaopaulo.com.br\/blog\/decoracao-de-cada-estacao-do-ano\/","title":{"rendered":"Decora\u00e7\u00e3o de cada esta\u00e7\u00e3o do ano"},"content":{"rendered":"\n<p>Tend\u00eancias mudam o tempo todo e \u00e9 claro que isso n\u00e3o seria diferente quando o tema \u00e9 decora\u00e7\u00e3o. Isso porque as caracter\u00edsticas dos ambientes, dos m\u00f3veis, objetos e utens\u00edlios tem o poder de nos provocar sensa\u00e7\u00f5es, sejam elas boas ou ruins.<\/p>\n\n\n\n<p>Pequenas altera\u00e7\u00f5es como mudar a disposi\u00e7\u00e3o dos m\u00f3veis ou as cores das paredes, por exemplo, podem fazer toda a diferen\u00e7a. Pensando nisso, separamos algumas dicas de decora\u00e7\u00e3o baseadas nas esta\u00e7\u00f5es do ano. Veja a seguir! &nbsp;<\/p>\n\n\n\n<p><strong>Primavera<\/strong><\/p>\n\n\n\n<p>Quando se trata de primavera, a primeira imagem que vem a cabe\u00e7a s\u00e3o flores. Essa \u00e9poca do ano \u00e9 perfeita para utilizar na decora\u00e7\u00e3o tecidos suaves e florais que v\u00e3o trazer a sensa\u00e7\u00e3o de calor agrad\u00e1vel e luminosidade ao ambiente. As cores que fazem sucesso nessa esta\u00e7\u00e3o s\u00e3o amarelo, verde, branco e laranja. Que tal utiliz\u00e1-las no mobili\u00e1rio, nas paredes, almofadas e nos arranjos de flores? O ambiente com certeza ficar\u00e1 mais v\u00edvido.<\/p>\n\n\n\n<p><strong>Ver\u00e3o<\/strong><\/p>\n\n\n\n<p>Essa esta\u00e7\u00e3o t\u00eam algumas caracter\u00edsticas marcantes: sol e muito, mas muito calor. O ideal \u00e9 deixar a ilumina\u00e7\u00e3o o mais natural poss\u00edvel, ou seja, guarde as lumin\u00e1rias para o inverno e escolha uma cortina clara e de tecido leve. Evite utilizar cores escuras na decora\u00e7\u00e3o, pois elas esquentam ainda mais o ambiente, prefira os tons frios e leves. Cores como branco, bege e nuances claras de azul e verde, como o menta combinam muito com essa \u00e9poca.&nbsp;<\/p>\n\n\n\n<p><strong>Outono<\/strong><\/p>\n\n\n\n<p>Essa \u00e9poca \u00e9 perfeita para a utiliza\u00e7\u00e3o de tons terrosos, que podem ser usados nas paredes e nos detalhes de cada ambiente. &nbsp;Uma dica \u00e9 mesclar tons claros, neutros e queimados entre os objetos e as paredes da casa, nessa esta\u00e7\u00e3o \u00e9 poss\u00edvel deixar os locais confort\u00e1veis e trazer a agrad\u00e1vel sensa\u00e7\u00e3o das tardes de outono para dentro do lar.<\/p>\n\n\n\n<p><strong>Inverno<\/strong><\/p>\n\n\n\n<p>O inverno pede por ambientes mais aconchegantes e para conseguir isso, utilize elementos que deixem os c\u00f4modos mais quentes. Uma boa forma de aquecer sua casa \u00e9 usar mais tecidos, pois eles trazem a sensa\u00e7\u00e3o de conforto e descanso. As mantas combinam com qualquer ambiente e podem ser utilizadas no sof\u00e1, em poltronas e na cama. &nbsp;<\/p>\n\n\n\n<p>Os tapetes tamb\u00e9m s\u00e3o grandes aliados dessa esta\u00e7\u00e3o, escolha por modelo bem felpudo e de prefer\u00eancia em cores escuras. &nbsp;<\/p>\n\n\n\n<p>Gostou das nossas dicas? Continue acompanhando nosso blog. Veja&nbsp;<a href=\"https:\/\/www.novasaopaulo.com.br\/post\/tendencias-de-decoracao-em-2020\">aqui<\/a>&nbsp;mais algumas tend\u00eancias de decora\u00e7\u00e3o.<\/p>\n","protected":false},"excerpt":{"rendered":"<p>Tend\u00eancias mudam o tempo todo e \u00e9 claro que isso n\u00e3o seria diferente quando o tema \u00e9 decora\u00e7\u00e3o. <\/p>\n","protected":false},"author":1,"featured_media":73,"comment_status":"open","ping_status":"open","sticky":false,"template":"","format":"standard","meta":{"footnotes":""},"categories":[2],"tags":[],"class_list":["post-72","post","type-post","status-publish","format-standard","has-post-thumbnail","hentry","category-novidades"],"yoast_head":"<!-- This site is optimized with the Yoast SEO plugin v27.4 - https:\/\/yoast.com\/product\/yoast-seo-wordpress\/ -->\n<title>Decora\u00e7\u00e3o de cada esta\u00e7\u00e3o do ano - Nova S\u00e3o Paulo - Blog<\/title>\n<meta name=\"robots\" content=\"index, follow, max-snippet:-1, max-image-preview:large, max-video-preview:-1\" \/>\n<link rel=\"canonical\" href=\"https:\/\/www.novasaopaulo.com.br\/blog\/decoracao-de-cada-estacao-do-ano\/\" \/>\n<meta property=\"og:locale\" content=\"pt_BR\" \/>\n<meta property=\"og:type\" content=\"article\" \/>\n<meta property=\"og:title\" content=\"Decora\u00e7\u00e3o de cada esta\u00e7\u00e3o do ano - Nova S\u00e3o Paulo - Blog\" \/>\n<meta property=\"og:description\" content=\"Tend\u00eancias mudam o tempo todo e \u00e9 claro que isso n\u00e3o seria diferente quando o tema \u00e9 decora\u00e7\u00e3o.\" \/>\n<meta property=\"og:url\" content=\"https:\/\/www.novasaopaulo.com.br\/blog\/decoracao-de-cada-estacao-do-ano\/\" \/>\n<meta property=\"og:site_name\" content=\"Nova S\u00e3o Paulo - Blog\" \/>\n<meta property=\"article:publisher\" content=\"https:\/\/www.facebook.com\/novasaopaulo\" \/>\n<meta property=\"article:published_time\" content=\"2020-06-11T19:14:00+00:00\" \/>\n<meta property=\"article:modified_time\" content=\"2021-11-08T19:23:56+00:00\" \/>\n<meta property=\"og:image\" content=\"https:\/\/www.novasaopaulo.com.br\/blog\/wp-content\/uploads\/2021\/11\/Decoracao-de-cada-estacao-do-ano.jpg\" \/>\n\t<meta property=\"og:image:width\" content=\"750\" \/>\n\t<meta property=\"og:image:height\" content=\"455\" \/>\n\t<meta property=\"og:image:type\" content=\"image\/jpeg\" \/>\n<meta name=\"author\" content=\"Nova SP\" \/>\n<meta name=\"twitter:card\" content=\"summary_large_image\" \/>\n<meta name=\"twitter:label1\" content=\"Escrito por\" \/>\n\t<meta name=\"twitter:data1\" content=\"Nova SP\" \/>\n\t<meta name=\"twitter:label2\" content=\"Est. tempo de leitura\" \/>\n\t<meta name=\"twitter:data2\" content=\"2 minutos\" \/>\n<script type=\"application\/ld+json\" class=\"yoast-schema-graph\">{\"@context\":\"https:\\\/\\\/schema.org\",\"@graph\":[{\"@type\":\"Article\",\"@id\":\"https:\\\/\\\/www.novasaopaulo.com.br\\\/blog\\\/decoracao-de-cada-estacao-do-ano\\\/#article\",\"isPartOf\":{\"@id\":\"https:\\\/\\\/www.novasaopaulo.com.br\\\/blog\\\/decoracao-de-cada-estacao-do-ano\\\/\"},\"author\":{\"name\":\"Nova SP\",\"@id\":\"https:\\\/\\\/www.novasaopaulo.com.br\\\/blog\\\/#\\\/schema\\\/person\\\/e04b5ef5fd1da12fc871f0496251bc84\"},\"headline\":\"Decora\u00e7\u00e3o de cada esta\u00e7\u00e3o do ano\",\"datePublished\":\"2020-06-11T19:14:00+00:00\",\"dateModified\":\"2021-11-08T19:23:56+00:00\",\"mainEntityOfPage\":{\"@id\":\"https:\\\/\\\/www.novasaopaulo.com.br\\\/blog\\\/decoracao-de-cada-estacao-do-ano\\\/\"},\"wordCount\":433,\"commentCount\":0,\"publisher\":{\"@id\":\"https:\\\/\\\/www.novasaopaulo.com.br\\\/blog\\\/#organization\"},\"image\":{\"@id\":\"https:\\\/\\\/www.novasaopaulo.com.br\\\/blog\\\/decoracao-de-cada-estacao-do-ano\\\/#primaryimage\"},\"thumbnailUrl\":\"https:\\\/\\\/www.novasaopaulo.com.br\\\/blog\\\/wp-content\\\/uploads\\\/2021\\\/11\\\/Decoracao-de-cada-estacao-do-ano.jpg\",\"articleSection\":[\"Novidades\"],\"inLanguage\":\"pt-BR\"},{\"@type\":\"WebPage\",\"@id\":\"https:\\\/\\\/www.novasaopaulo.com.br\\\/blog\\\/decoracao-de-cada-estacao-do-ano\\\/\",\"url\":\"https:\\\/\\\/www.novasaopaulo.com.br\\\/blog\\\/decoracao-de-cada-estacao-do-ano\\\/\",\"name\":\"Decora\u00e7\u00e3o de cada esta\u00e7\u00e3o do ano - Nova S\u00e3o Paulo - Blog\",\"isPartOf\":{\"@id\":\"https:\\\/\\\/www.novasaopaulo.com.br\\\/blog\\\/#website\"},\"primaryImageOfPage\":{\"@id\":\"https:\\\/\\\/www.novasaopaulo.com.br\\\/blog\\\/decoracao-de-cada-estacao-do-ano\\\/#primaryimage\"},\"image\":{\"@id\":\"https:\\\/\\\/www.novasaopaulo.com.br\\\/blog\\\/decoracao-de-cada-estacao-do-ano\\\/#primaryimage\"},\"thumbnailUrl\":\"https:\\\/\\\/www.novasaopaulo.com.br\\\/blog\\\/wp-content\\\/uploads\\\/2021\\\/11\\\/Decoracao-de-cada-estacao-do-ano.jpg\",\"datePublished\":\"2020-06-11T19:14:00+00:00\",\"dateModified\":\"2021-11-08T19:23:56+00:00\",\"breadcrumb\":{\"@id\":\"https:\\\/\\\/www.novasaopaulo.com.br\\\/blog\\\/decoracao-de-cada-estacao-do-ano\\\/#breadcrumb\"},\"inLanguage\":\"pt-BR\",\"potentialAction\":[{\"@type\":\"ReadAction\",\"target\":[\"https:\\\/\\\/www.novasaopaulo.com.br\\\/blog\\\/decoracao-de-cada-estacao-do-ano\\\/\"]}]},{\"@type\":\"ImageObject\",\"inLanguage\":\"pt-BR\",\"@id\":\"https:\\\/\\\/www.novasaopaulo.com.br\\\/blog\\\/decoracao-de-cada-estacao-do-ano\\\/#primaryimage\",\"url\":\"https:\\\/\\\/www.novasaopaulo.com.br\\\/blog\\\/wp-content\\\/uploads\\\/2021\\\/11\\\/Decoracao-de-cada-estacao-do-ano.jpg\",\"contentUrl\":\"https:\\\/\\\/www.novasaopaulo.com.br\\\/blog\\\/wp-content\\\/uploads\\\/2021\\\/11\\\/Decoracao-de-cada-estacao-do-ano.jpg\",\"width\":750,\"height\":455},{\"@type\":\"BreadcrumbList\",\"@id\":\"https:\\\/\\\/www.novasaopaulo.com.br\\\/blog\\\/decoracao-de-cada-estacao-do-ano\\\/#breadcrumb\",\"itemListElement\":[{\"@type\":\"ListItem\",\"position\":1,\"name\":\"Home\",\"item\":\"https:\\\/\\\/www.novasaopaulo.com.br\\\/blog\\\/\"},{\"@type\":\"ListItem\",\"position\":2,\"name\":\"Decora\u00e7\u00e3o de cada esta\u00e7\u00e3o do ano\"}]},{\"@type\":\"WebSite\",\"@id\":\"https:\\\/\\\/www.novasaopaulo.com.br\\\/blog\\\/#website\",\"url\":\"https:\\\/\\\/www.novasaopaulo.com.br\\\/blog\\\/\",\"name\":\"Nova S\u00e3o Paulo - Blog\",\"description\":\"O blog da Nova S\u00e3o Paulo leva o conhecimento sobre o mercado imobili\u00e1rio at\u00e9 voc\u00ea\",\"publisher\":{\"@id\":\"https:\\\/\\\/www.novasaopaulo.com.br\\\/blog\\\/#organization\"},\"potentialAction\":[{\"@type\":\"SearchAction\",\"target\":{\"@type\":\"EntryPoint\",\"urlTemplate\":\"https:\\\/\\\/www.novasaopaulo.com.br\\\/blog\\\/?s={search_term_string}\"},\"query-input\":{\"@type\":\"PropertyValueSpecification\",\"valueRequired\":true,\"valueName\":\"search_term_string\"}}],\"inLanguage\":\"pt-BR\"},{\"@type\":\"Organization\",\"@id\":\"https:\\\/\\\/www.novasaopaulo.com.br\\\/blog\\\/#organization\",\"name\":\"Nova S\u00e3o Paulo\",\"url\":\"https:\\\/\\\/www.novasaopaulo.com.br\\\/blog\\\/\",\"logo\":{\"@type\":\"ImageObject\",\"inLanguage\":\"pt-BR\",\"@id\":\"https:\\\/\\\/www.novasaopaulo.com.br\\\/blog\\\/#\\\/schema\\\/logo\\\/image\\\/\",\"url\":\"http:\\\/\\\/localhost\\\/novasaopaulo.com.br-blog\\\/wp-content\\\/uploads\\\/2021\\\/11\\\/nova-sao-paulo.jpg\",\"contentUrl\":\"http:\\\/\\\/localhost\\\/novasaopaulo.com.br-blog\\\/wp-content\\\/uploads\\\/2021\\\/11\\\/nova-sao-paulo.jpg\",\"width\":800,\"height\":600,\"caption\":\"Nova S\u00e3o Paulo\"},\"image\":{\"@id\":\"https:\\\/\\\/www.novasaopaulo.com.br\\\/blog\\\/#\\\/schema\\\/logo\\\/image\\\/\"},\"sameAs\":[\"https:\\\/\\\/www.facebook.com\\\/novasaopaulo\",\"https:\\\/\\\/www.instagram.com\\\/imob.novasaopaulo\\\/\",\"https:\\\/\\\/www.linkedin.com\\\/company\\\/imobiliaria-nova-sao-paulo\\\/\"]},{\"@type\":\"Person\",\"@id\":\"https:\\\/\\\/www.novasaopaulo.com.br\\\/blog\\\/#\\\/schema\\\/person\\\/e04b5ef5fd1da12fc871f0496251bc84\",\"name\":\"Nova SP\",\"image\":{\"@type\":\"ImageObject\",\"inLanguage\":\"pt-BR\",\"@id\":\"https:\\\/\\\/secure.gravatar.com\\\/avatar\\\/96126461058a831acc8445912d8dd41d2842d0363b21d5e222076f979050e3e2?s=96&d=mm&r=g\",\"url\":\"https:\\\/\\\/secure.gravatar.com\\\/avatar\\\/96126461058a831acc8445912d8dd41d2842d0363b21d5e222076f979050e3e2?s=96&d=mm&r=g\",\"contentUrl\":\"https:\\\/\\\/secure.gravatar.com\\\/avatar\\\/96126461058a831acc8445912d8dd41d2842d0363b21d5e222076f979050e3e2?s=96&d=mm&r=g\",\"caption\":\"Nova SP\"},\"url\":\"https:\\\/\\\/www.novasaopaulo.com.br\\\/blog\\\/author\\\/nova-sp\\\/\"}]}<\/script>\n<!-- \/ Yoast SEO plugin. -->","yoast_head_json":{"title":"Decora\u00e7\u00e3o de cada esta\u00e7\u00e3o do ano - Nova S\u00e3o Paulo - Blog","robots":{"index":"index","follow":"follow","max-snippet":"max-snippet:-1","max-image-preview":"max-image-preview:large","max-video-preview":"max-video-preview:-1"},"canonical":"https:\/\/www.novasaopaulo.com.br\/blog\/decoracao-de-cada-estacao-do-ano\/","og_locale":"pt_BR","og_type":"article","og_title":"Decora\u00e7\u00e3o de cada esta\u00e7\u00e3o do ano - Nova S\u00e3o Paulo - Blog","og_description":"Tend\u00eancias mudam o tempo todo e \u00e9 claro que isso n\u00e3o seria diferente quando o tema \u00e9 decora\u00e7\u00e3o.","og_url":"https:\/\/www.novasaopaulo.com.br\/blog\/decoracao-de-cada-estacao-do-ano\/","og_site_name":"Nova S\u00e3o Paulo - Blog","article_publisher":"https:\/\/www.facebook.com\/novasaopaulo","article_published_time":"2020-06-11T19:14:00+00:00","article_modified_time":"2021-11-08T19:23:56+00:00","og_image":[{"width":750,"height":455,"url":"https:\/\/www.novasaopaulo.com.br\/blog\/wp-content\/uploads\/2021\/11\/Decoracao-de-cada-estacao-do-ano.jpg","type":"image\/jpeg"}],"author":"Nova SP","twitter_card":"summary_large_image","twitter_misc":{"Escrito por":"Nova SP","Est. tempo de leitura":"2 minutos"},"schema":{"@context":"https:\/\/schema.org","@graph":[{"@type":"Article","@id":"https:\/\/www.novasaopaulo.com.br\/blog\/decoracao-de-cada-estacao-do-ano\/#article","isPartOf":{"@id":"https:\/\/www.novasaopaulo.com.br\/blog\/decoracao-de-cada-estacao-do-ano\/"},"author":{"name":"Nova SP","@id":"https:\/\/www.novasaopaulo.com.br\/blog\/#\/schema\/person\/e04b5ef5fd1da12fc871f0496251bc84"},"headline":"Decora\u00e7\u00e3o de cada esta\u00e7\u00e3o do ano","datePublished":"2020-06-11T19:14:00+00:00","dateModified":"2021-11-08T19:23:56+00:00","mainEntityOfPage":{"@id":"https:\/\/www.novasaopaulo.com.br\/blog\/decoracao-de-cada-estacao-do-ano\/"},"wordCount":433,"commentCount":0,"publisher":{"@id":"https:\/\/www.novasaopaulo.com.br\/blog\/#organization"},"image":{"@id":"https:\/\/www.novasaopaulo.com.br\/blog\/decoracao-de-cada-estacao-do-ano\/#primaryimage"},"thumbnailUrl":"https:\/\/www.novasaopaulo.com.br\/blog\/wp-content\/uploads\/2021\/11\/Decoracao-de-cada-estacao-do-ano.jpg","articleSection":["Novidades"],"inLanguage":"pt-BR"},{"@type":"WebPage","@id":"https:\/\/www.novasaopaulo.com.br\/blog\/decoracao-de-cada-estacao-do-ano\/","url":"https:\/\/www.novasaopaulo.com.br\/blog\/decoracao-de-cada-estacao-do-ano\/","name":"Decora\u00e7\u00e3o de cada esta\u00e7\u00e3o do ano - Nova S\u00e3o Paulo - Blog","isPartOf":{"@id":"https:\/\/www.novasaopaulo.com.br\/blog\/#website"},"primaryImageOfPage":{"@id":"https:\/\/www.novasaopaulo.com.br\/blog\/decoracao-de-cada-estacao-do-ano\/#primaryimage"},"image":{"@id":"https:\/\/www.novasaopaulo.com.br\/blog\/decoracao-de-cada-estacao-do-ano\/#primaryimage"},"thumbnailUrl":"https:\/\/www.novasaopaulo.com.br\/blog\/wp-content\/uploads\/2021\/11\/Decoracao-de-cada-estacao-do-ano.jpg","datePublished":"2020-06-11T19:14:00+00:00","dateModified":"2021-11-08T19:23:56+00:00","breadcrumb":{"@id":"https:\/\/www.novasaopaulo.com.br\/blog\/decoracao-de-cada-estacao-do-ano\/#breadcrumb"},"inLanguage":"pt-BR","potentialAction":[{"@type":"ReadAction","target":["https:\/\/www.novasaopaulo.com.br\/blog\/decoracao-de-cada-estacao-do-ano\/"]}]},{"@type":"ImageObject","inLanguage":"pt-BR","@id":"https:\/\/www.novasaopaulo.com.br\/blog\/decoracao-de-cada-estacao-do-ano\/#primaryimage","url":"https:\/\/www.novasaopaulo.com.br\/blog\/wp-content\/uploads\/2021\/11\/Decoracao-de-cada-estacao-do-ano.jpg","contentUrl":"https:\/\/www.novasaopaulo.com.br\/blog\/wp-content\/uploads\/2021\/11\/Decoracao-de-cada-estacao-do-ano.jpg","width":750,"height":455},{"@type":"BreadcrumbList","@id":"https:\/\/www.novasaopaulo.com.br\/blog\/decoracao-de-cada-estacao-do-ano\/#breadcrumb","itemListElement":[{"@type":"ListItem","position":1,"name":"Home","item":"https:\/\/www.novasaopaulo.com.br\/blog\/"},{"@type":"ListItem","position":2,"name":"Decora\u00e7\u00e3o de cada esta\u00e7\u00e3o do ano"}]},{"@type":"WebSite","@id":"https:\/\/www.novasaopaulo.com.br\/blog\/#website","url":"https:\/\/www.novasaopaulo.com.br\/blog\/","name":"Nova S\u00e3o Paulo - Blog","description":"O blog da Nova S\u00e3o Paulo leva o conhecimento sobre o mercado imobili\u00e1rio at\u00e9 voc\u00ea","publisher":{"@id":"https:\/\/www.novasaopaulo.com.br\/blog\/#organization"},"potentialAction":[{"@type":"SearchAction","target":{"@type":"EntryPoint","urlTemplate":"https:\/\/www.novasaopaulo.com.br\/blog\/?s={search_term_string}"},"query-input":{"@type":"PropertyValueSpecification","valueRequired":true,"valueName":"search_term_string"}}],"inLanguage":"pt-BR"},{"@type":"Organization","@id":"https:\/\/www.novasaopaulo.com.br\/blog\/#organization","name":"Nova S\u00e3o Paulo","url":"https:\/\/www.novasaopaulo.com.br\/blog\/","logo":{"@type":"ImageObject","inLanguage":"pt-BR","@id":"https:\/\/www.novasaopaulo.com.br\/blog\/#\/schema\/logo\/image\/","url":"http:\/\/localhost\/novasaopaulo.com.br-blog\/wp-content\/uploads\/2021\/11\/nova-sao-paulo.jpg","contentUrl":"http:\/\/localhost\/novasaopaulo.com.br-blog\/wp-content\/uploads\/2021\/11\/nova-sao-paulo.jpg","width":800,"height":600,"caption":"Nova S\u00e3o Paulo"},"image":{"@id":"https:\/\/www.novasaopaulo.com.br\/blog\/#\/schema\/logo\/image\/"},"sameAs":["https:\/\/www.facebook.com\/novasaopaulo","https:\/\/www.instagram.com\/imob.novasaopaulo\/","https:\/\/www.linkedin.com\/company\/imobiliaria-nova-sao-paulo\/"]},{"@type":"Person","@id":"https:\/\/www.novasaopaulo.com.br\/blog\/#\/schema\/person\/e04b5ef5fd1da12fc871f0496251bc84","name":"Nova SP","image":{"@type":"ImageObject","inLanguage":"pt-BR","@id":"https:\/\/secure.gravatar.com\/avatar\/96126461058a831acc8445912d8dd41d2842d0363b21d5e222076f979050e3e2?s=96&d=mm&r=g","url":"https:\/\/secure.gravatar.com\/avatar\/96126461058a831acc8445912d8dd41d2842d0363b21d5e222076f979050e3e2?s=96&d=mm&r=g","contentUrl":"https:\/\/secure.gravatar.com\/avatar\/96126461058a831acc8445912d8dd41d2842d0363b21d5e222076f979050e3e2?s=96&d=mm&r=g","caption":"Nova SP"},"url":"https:\/\/www.novasaopaulo.com.br\/blog\/author\/nova-sp\/"}]}},"_links":{"self":[{"href":"https:\/\/www.novasaopaulo.com.br\/blog\/wp-json\/wp\/v2\/posts\/72","targetHints":{"allow":["GET"]}}],"collection":[{"href":"https:\/\/www.novasaopaulo.com.br\/blog\/wp-json\/wp\/v2\/posts"}],"about":[{"href":"https:\/\/www.novasaopaulo.com.br\/blog\/wp-json\/wp\/v2\/types\/post"}],"author":[{"embeddable":true,"href":"https:\/\/www.novasaopaulo.com.br\/blog\/wp-json\/wp\/v2\/users\/1"}],"replies":[{"embeddable":true,"href":"https:\/\/www.novasaopaulo.com.br\/blog\/wp-json\/wp\/v2\/comments?post=72"}],"version-history":[{"count":1,"href":"https:\/\/www.novasaopaulo.com.br\/blog\/wp-json\/wp\/v2\/posts\/72\/revisions"}],"predecessor-version":[{"id":74,"href":"https:\/\/www.novasaopaulo.com.br\/blog\/wp-json\/wp\/v2\/posts\/72\/revisions\/74"}],"wp:featuredmedia":[{"embeddable":true,"href":"https:\/\/www.novasaopaulo.com.br\/blog\/wp-json\/wp\/v2\/media\/73"}],"wp:attachment":[{"href":"https:\/\/www.novasaopaulo.com.br\/blog\/wp-json\/wp\/v2\/media?parent=72"}],"wp:term":[{"taxonomy":"category","embeddable":true,"href":"https:\/\/www.novasaopaulo.com.br\/blog\/wp-json\/wp\/v2\/categories?post=72"},{"taxonomy":"post_tag","embeddable":true,"href":"https:\/\/www.novasaopaulo.com.br\/blog\/wp-json\/wp\/v2\/tags?post=72"}],"curies":[{"name":"wp","href":"https:\/\/api.w.org\/{rel}","templated":true}]}}