
{"id":78,"date":"2020-06-25T16:19:00","date_gmt":"2020-06-25T19:19:00","guid":{"rendered":"http:\/\/localhost\/novasaopaulo.com.br-blog\/?p=78"},"modified":"2021-11-08T17:23:49","modified_gmt":"2021-11-08T19:23:49","slug":"banco-central-corta-selic-e-a-taxa-de-juros-cai-para-225-ao-ano","status":"publish","type":"post","link":"https:\/\/www.novasaopaulo.com.br\/blog\/banco-central-corta-selic-e-a-taxa-de-juros-cai-para-225-ao-ano\/","title":{"rendered":"Banco Central corta Selic e a taxa de juros cai para 2,25% ao ano"},"content":{"rendered":"\n<p>No \u00faltimo dia 17, o Comit\u00ea de Pol\u00edtica Monet\u00e1ria do Banco Central (COPOM), reduziu a taxa b\u00e1sica de juros da economia brasileira de 3% para 2,25% ao ano, o menor percentual da Selic desde 1999, quando entrou em vigor o regime de metas para a infla\u00e7\u00e3o.&nbsp;<\/p>\n\n\n\n<p>Essa decis\u00e3o Banco Central foi tomada para que fique mais pr\u00f3xima do piso, definido pelo Copom em 4% para este ano, com intervalo de toler\u00e2ncia de 1,5 ponto percentual para cima ou para baixo. O corte da taxa de juros aumenta a liquidez nos mercados para tentar sustentar a demanda e limitar a queda no Produto Interno Bruto (PIB).<\/p>\n\n\n\n<p>A redu\u00e7\u00e3o da taxa tem o intuito de estimular a economia que devido \u00e0 pandemia causada pela Covid-19, v\u00eam afetando todos os setores. Os juros menores barateiam o cr\u00e9dito e incentivam a produ\u00e7\u00e3o e o consumo em um cen\u00e1rio de baixa atividade econ\u00f4mica.&nbsp;<\/p>\n\n\n\n<p><strong>Por que esse \u00e9 o momento de investir em im\u00f3veis?<\/strong><\/p>\n\n\n\n<p>Para os bancos, a Selic representa o quanto ir\u00e1 custar levantar dinheiro para conceder empr\u00e9stimos e financiamentos. Os custos para os bancos diminuem, o que permite que os juros de empr\u00e9stimos e financiamentos tamb\u00e9m diminuam. Essa \u00e9 a maior vantagem para quem quer comprar um im\u00f3vel, j\u00e1 que o financiamento de im\u00f3veis tamb\u00e9m \u00e9 afetado por essa conta.&nbsp;<\/p>\n\n\n\n<p>Investir em im\u00f3veis, nesse momento, \u00e9 mais seguro e rent\u00e1vel. \u00c9 a garantia de que o dinheiro ser\u00e1 empregado em algo que n\u00e3o vai desvalorizar de repente. Por isso, muitas pessoas decidem investir nesse momento, afinal, um im\u00f3vel pode representar um retorno de 5 a 10% ao ano em renda, fora a possibilidade de valoriza\u00e7\u00e3o.<\/p>\n","protected":false},"excerpt":{"rendered":"<p>No \u00faltimo dia 17, o Comit\u00ea de Pol\u00edtica Monet\u00e1ria do Banco Central (COPOM), reduziu a taxa b\u00e1sica de juros da economia brasileira de 3% para 2,25% ao ano, o menor percentual da Selic desde 1999, quando entrou em vigor o regime de metas para a infla\u00e7\u00e3o.\u00a0<\/p>\n","protected":false},"author":1,"featured_media":79,"comment_status":"open","ping_status":"open","sticky":false,"template":"","format":"standard","meta":{"footnotes":""},"categories":[2],"tags":[],"class_list":["post-78","post","type-post","status-publish","format-standard","has-post-thumbnail","hentry","category-novidades"],"yoast_head":"<!-- This site is optimized with the Yoast SEO plugin v27.4 - https:\/\/yoast.com\/product\/yoast-seo-wordpress\/ -->\n<title>Banco Central corta Selic e a taxa de juros cai para 2,25% ao ano - Nova S\u00e3o Paulo - Blog<\/title>\n<meta name=\"robots\" content=\"index, follow, max-snippet:-1, max-image-preview:large, max-video-preview:-1\" \/>\n<link rel=\"canonical\" href=\"https:\/\/www.novasaopaulo.com.br\/blog\/banco-central-corta-selic-e-a-taxa-de-juros-cai-para-225-ao-ano\/\" \/>\n<meta property=\"og:locale\" content=\"pt_BR\" \/>\n<meta property=\"og:type\" content=\"article\" \/>\n<meta property=\"og:title\" content=\"Banco Central corta Selic e a taxa de juros cai para 2,25% ao ano - Nova S\u00e3o Paulo - Blog\" \/>\n<meta property=\"og:description\" content=\"No \u00faltimo dia 17, o Comit\u00ea de Pol\u00edtica Monet\u00e1ria do Banco Central (COPOM), reduziu a taxa b\u00e1sica de juros da economia brasileira de 3% para 2,25% ao ano, o menor percentual da Selic desde 1999, quando entrou em vigor o regime de metas para a infla\u00e7\u00e3o.\u00a0\" \/>\n<meta property=\"og:url\" content=\"https:\/\/www.novasaopaulo.com.br\/blog\/banco-central-corta-selic-e-a-taxa-de-juros-cai-para-225-ao-ano\/\" \/>\n<meta property=\"og:site_name\" content=\"Nova S\u00e3o Paulo - Blog\" \/>\n<meta property=\"article:publisher\" content=\"https:\/\/www.facebook.com\/novasaopaulo\" \/>\n<meta property=\"article:published_time\" content=\"2020-06-25T19:19:00+00:00\" \/>\n<meta property=\"article:modified_time\" content=\"2021-11-08T19:23:49+00:00\" \/>\n<meta property=\"og:image\" content=\"https:\/\/www.novasaopaulo.com.br\/blog\/wp-content\/uploads\/2021\/11\/Banco-Central-corta-Selic-e-a-taxa-de-juros-cai-para-2-25-ao-ano.jpg\" \/>\n\t<meta property=\"og:image:width\" content=\"300\" \/>\n\t<meta property=\"og:image:height\" content=\"168\" \/>\n\t<meta property=\"og:image:type\" content=\"image\/jpeg\" \/>\n<meta name=\"author\" content=\"Nova SP\" \/>\n<meta name=\"twitter:card\" content=\"summary_large_image\" \/>\n<meta name=\"twitter:label1\" content=\"Escrito por\" \/>\n\t<meta name=\"twitter:data1\" content=\"Nova SP\" \/>\n\t<meta name=\"twitter:label2\" content=\"Est. tempo de leitura\" \/>\n\t<meta name=\"twitter:data2\" content=\"2 minutos\" \/>\n<script type=\"application\/ld+json\" class=\"yoast-schema-graph\">{\"@context\":\"https:\\\/\\\/schema.org\",\"@graph\":[{\"@type\":\"Article\",\"@id\":\"https:\\\/\\\/www.novasaopaulo.com.br\\\/blog\\\/banco-central-corta-selic-e-a-taxa-de-juros-cai-para-225-ao-ano\\\/#article\",\"isPartOf\":{\"@id\":\"https:\\\/\\\/www.novasaopaulo.com.br\\\/blog\\\/banco-central-corta-selic-e-a-taxa-de-juros-cai-para-225-ao-ano\\\/\"},\"author\":{\"name\":\"Nova SP\",\"@id\":\"https:\\\/\\\/www.novasaopaulo.com.br\\\/blog\\\/#\\\/schema\\\/person\\\/e04b5ef5fd1da12fc871f0496251bc84\"},\"headline\":\"Banco Central corta Selic e a taxa de juros cai para 2,25% ao ano\",\"datePublished\":\"2020-06-25T19:19:00+00:00\",\"dateModified\":\"2021-11-08T19:23:49+00:00\",\"mainEntityOfPage\":{\"@id\":\"https:\\\/\\\/www.novasaopaulo.com.br\\\/blog\\\/banco-central-corta-selic-e-a-taxa-de-juros-cai-para-225-ao-ano\\\/\"},\"wordCount\":298,\"commentCount\":0,\"publisher\":{\"@id\":\"https:\\\/\\\/www.novasaopaulo.com.br\\\/blog\\\/#organization\"},\"image\":{\"@id\":\"https:\\\/\\\/www.novasaopaulo.com.br\\\/blog\\\/banco-central-corta-selic-e-a-taxa-de-juros-cai-para-225-ao-ano\\\/#primaryimage\"},\"thumbnailUrl\":\"https:\\\/\\\/www.novasaopaulo.com.br\\\/blog\\\/wp-content\\\/uploads\\\/2021\\\/11\\\/Banco-Central-corta-Selic-e-a-taxa-de-juros-cai-para-2-25-ao-ano.jpg\",\"articleSection\":[\"Novidades\"],\"inLanguage\":\"pt-BR\"},{\"@type\":\"WebPage\",\"@id\":\"https:\\\/\\\/www.novasaopaulo.com.br\\\/blog\\\/banco-central-corta-selic-e-a-taxa-de-juros-cai-para-225-ao-ano\\\/\",\"url\":\"https:\\\/\\\/www.novasaopaulo.com.br\\\/blog\\\/banco-central-corta-selic-e-a-taxa-de-juros-cai-para-225-ao-ano\\\/\",\"name\":\"Banco Central corta Selic e a taxa de juros cai para 2,25% ao ano - Nova S\u00e3o Paulo - Blog\",\"isPartOf\":{\"@id\":\"https:\\\/\\\/www.novasaopaulo.com.br\\\/blog\\\/#website\"},\"primaryImageOfPage\":{\"@id\":\"https:\\\/\\\/www.novasaopaulo.com.br\\\/blog\\\/banco-central-corta-selic-e-a-taxa-de-juros-cai-para-225-ao-ano\\\/#primaryimage\"},\"image\":{\"@id\":\"https:\\\/\\\/www.novasaopaulo.com.br\\\/blog\\\/banco-central-corta-selic-e-a-taxa-de-juros-cai-para-225-ao-ano\\\/#primaryimage\"},\"thumbnailUrl\":\"https:\\\/\\\/www.novasaopaulo.com.br\\\/blog\\\/wp-content\\\/uploads\\\/2021\\\/11\\\/Banco-Central-corta-Selic-e-a-taxa-de-juros-cai-para-2-25-ao-ano.jpg\",\"datePublished\":\"2020-06-25T19:19:00+00:00\",\"dateModified\":\"2021-11-08T19:23:49+00:00\",\"breadcrumb\":{\"@id\":\"https:\\\/\\\/www.novasaopaulo.com.br\\\/blog\\\/banco-central-corta-selic-e-a-taxa-de-juros-cai-para-225-ao-ano\\\/#breadcrumb\"},\"inLanguage\":\"pt-BR\",\"potentialAction\":[{\"@type\":\"ReadAction\",\"target\":[\"https:\\\/\\\/www.novasaopaulo.com.br\\\/blog\\\/banco-central-corta-selic-e-a-taxa-de-juros-cai-para-225-ao-ano\\\/\"]}]},{\"@type\":\"ImageObject\",\"inLanguage\":\"pt-BR\",\"@id\":\"https:\\\/\\\/www.novasaopaulo.com.br\\\/blog\\\/banco-central-corta-selic-e-a-taxa-de-juros-cai-para-225-ao-ano\\\/#primaryimage\",\"url\":\"https:\\\/\\\/www.novasaopaulo.com.br\\\/blog\\\/wp-content\\\/uploads\\\/2021\\\/11\\\/Banco-Central-corta-Selic-e-a-taxa-de-juros-cai-para-2-25-ao-ano.jpg\",\"contentUrl\":\"https:\\\/\\\/www.novasaopaulo.com.br\\\/blog\\\/wp-content\\\/uploads\\\/2021\\\/11\\\/Banco-Central-corta-Selic-e-a-taxa-de-juros-cai-para-2-25-ao-ano.jpg\",\"width\":300,\"height\":168},{\"@type\":\"BreadcrumbList\",\"@id\":\"https:\\\/\\\/www.novasaopaulo.com.br\\\/blog\\\/banco-central-corta-selic-e-a-taxa-de-juros-cai-para-225-ao-ano\\\/#breadcrumb\",\"itemListElement\":[{\"@type\":\"ListItem\",\"position\":1,\"name\":\"Home\",\"item\":\"https:\\\/\\\/www.novasaopaulo.com.br\\\/blog\\\/\"},{\"@type\":\"ListItem\",\"position\":2,\"name\":\"Banco Central corta Selic e a taxa de juros cai para 2,25% ao ano\"}]},{\"@type\":\"WebSite\",\"@id\":\"https:\\\/\\\/www.novasaopaulo.com.br\\\/blog\\\/#website\",\"url\":\"https:\\\/\\\/www.novasaopaulo.com.br\\\/blog\\\/\",\"name\":\"Nova S\u00e3o Paulo - Blog\",\"description\":\"O blog da Nova S\u00e3o Paulo leva o conhecimento sobre o mercado imobili\u00e1rio at\u00e9 voc\u00ea\",\"publisher\":{\"@id\":\"https:\\\/\\\/www.novasaopaulo.com.br\\\/blog\\\/#organization\"},\"potentialAction\":[{\"@type\":\"SearchAction\",\"target\":{\"@type\":\"EntryPoint\",\"urlTemplate\":\"https:\\\/\\\/www.novasaopaulo.com.br\\\/blog\\\/?s={search_term_string}\"},\"query-input\":{\"@type\":\"PropertyValueSpecification\",\"valueRequired\":true,\"valueName\":\"search_term_string\"}}],\"inLanguage\":\"pt-BR\"},{\"@type\":\"Organization\",\"@id\":\"https:\\\/\\\/www.novasaopaulo.com.br\\\/blog\\\/#organization\",\"name\":\"Nova S\u00e3o Paulo\",\"url\":\"https:\\\/\\\/www.novasaopaulo.com.br\\\/blog\\\/\",\"logo\":{\"@type\":\"ImageObject\",\"inLanguage\":\"pt-BR\",\"@id\":\"https:\\\/\\\/www.novasaopaulo.com.br\\\/blog\\\/#\\\/schema\\\/logo\\\/image\\\/\",\"url\":\"http:\\\/\\\/localhost\\\/novasaopaulo.com.br-blog\\\/wp-content\\\/uploads\\\/2021\\\/11\\\/nova-sao-paulo.jpg\",\"contentUrl\":\"http:\\\/\\\/localhost\\\/novasaopaulo.com.br-blog\\\/wp-content\\\/uploads\\\/2021\\\/11\\\/nova-sao-paulo.jpg\",\"width\":800,\"height\":600,\"caption\":\"Nova S\u00e3o Paulo\"},\"image\":{\"@id\":\"https:\\\/\\\/www.novasaopaulo.com.br\\\/blog\\\/#\\\/schema\\\/logo\\\/image\\\/\"},\"sameAs\":[\"https:\\\/\\\/www.facebook.com\\\/novasaopaulo\",\"https:\\\/\\\/www.instagram.com\\\/imob.novasaopaulo\\\/\",\"https:\\\/\\\/www.linkedin.com\\\/company\\\/imobiliaria-nova-sao-paulo\\\/\"]},{\"@type\":\"Person\",\"@id\":\"https:\\\/\\\/www.novasaopaulo.com.br\\\/blog\\\/#\\\/schema\\\/person\\\/e04b5ef5fd1da12fc871f0496251bc84\",\"name\":\"Nova SP\",\"image\":{\"@type\":\"ImageObject\",\"inLanguage\":\"pt-BR\",\"@id\":\"https:\\\/\\\/secure.gravatar.com\\\/avatar\\\/96126461058a831acc8445912d8dd41d2842d0363b21d5e222076f979050e3e2?s=96&d=mm&r=g\",\"url\":\"https:\\\/\\\/secure.gravatar.com\\\/avatar\\\/96126461058a831acc8445912d8dd41d2842d0363b21d5e222076f979050e3e2?s=96&d=mm&r=g\",\"contentUrl\":\"https:\\\/\\\/secure.gravatar.com\\\/avatar\\\/96126461058a831acc8445912d8dd41d2842d0363b21d5e222076f979050e3e2?s=96&d=mm&r=g\",\"caption\":\"Nova SP\"},\"url\":\"https:\\\/\\\/www.novasaopaulo.com.br\\\/blog\\\/author\\\/nova-sp\\\/\"}]}<\/script>\n<!-- \/ Yoast SEO plugin. -->","yoast_head_json":{"title":"Banco Central corta Selic e a taxa de juros cai para 2,25% ao ano - Nova S\u00e3o Paulo - Blog","robots":{"index":"index","follow":"follow","max-snippet":"max-snippet:-1","max-image-preview":"max-image-preview:large","max-video-preview":"max-video-preview:-1"},"canonical":"https:\/\/www.novasaopaulo.com.br\/blog\/banco-central-corta-selic-e-a-taxa-de-juros-cai-para-225-ao-ano\/","og_locale":"pt_BR","og_type":"article","og_title":"Banco Central corta Selic e a taxa de juros cai para 2,25% ao ano - Nova S\u00e3o Paulo - Blog","og_description":"No \u00faltimo dia 17, o Comit\u00ea de Pol\u00edtica Monet\u00e1ria do Banco Central (COPOM), reduziu a taxa b\u00e1sica de juros da economia brasileira de 3% para 2,25% ao ano, o menor percentual da Selic desde 1999, quando entrou em vigor o regime de metas para a infla\u00e7\u00e3o.\u00a0","og_url":"https:\/\/www.novasaopaulo.com.br\/blog\/banco-central-corta-selic-e-a-taxa-de-juros-cai-para-225-ao-ano\/","og_site_name":"Nova S\u00e3o Paulo - Blog","article_publisher":"https:\/\/www.facebook.com\/novasaopaulo","article_published_time":"2020-06-25T19:19:00+00:00","article_modified_time":"2021-11-08T19:23:49+00:00","og_image":[{"width":300,"height":168,"url":"https:\/\/www.novasaopaulo.com.br\/blog\/wp-content\/uploads\/2021\/11\/Banco-Central-corta-Selic-e-a-taxa-de-juros-cai-para-2-25-ao-ano.jpg","type":"image\/jpeg"}],"author":"Nova SP","twitter_card":"summary_large_image","twitter_misc":{"Escrito por":"Nova SP","Est. tempo de leitura":"2 minutos"},"schema":{"@context":"https:\/\/schema.org","@graph":[{"@type":"Article","@id":"https:\/\/www.novasaopaulo.com.br\/blog\/banco-central-corta-selic-e-a-taxa-de-juros-cai-para-225-ao-ano\/#article","isPartOf":{"@id":"https:\/\/www.novasaopaulo.com.br\/blog\/banco-central-corta-selic-e-a-taxa-de-juros-cai-para-225-ao-ano\/"},"author":{"name":"Nova SP","@id":"https:\/\/www.novasaopaulo.com.br\/blog\/#\/schema\/person\/e04b5ef5fd1da12fc871f0496251bc84"},"headline":"Banco Central corta Selic e a taxa de juros cai para 2,25% ao ano","datePublished":"2020-06-25T19:19:00+00:00","dateModified":"2021-11-08T19:23:49+00:00","mainEntityOfPage":{"@id":"https:\/\/www.novasaopaulo.com.br\/blog\/banco-central-corta-selic-e-a-taxa-de-juros-cai-para-225-ao-ano\/"},"wordCount":298,"commentCount":0,"publisher":{"@id":"https:\/\/www.novasaopaulo.com.br\/blog\/#organization"},"image":{"@id":"https:\/\/www.novasaopaulo.com.br\/blog\/banco-central-corta-selic-e-a-taxa-de-juros-cai-para-225-ao-ano\/#primaryimage"},"thumbnailUrl":"https:\/\/www.novasaopaulo.com.br\/blog\/wp-content\/uploads\/2021\/11\/Banco-Central-corta-Selic-e-a-taxa-de-juros-cai-para-2-25-ao-ano.jpg","articleSection":["Novidades"],"inLanguage":"pt-BR"},{"@type":"WebPage","@id":"https:\/\/www.novasaopaulo.com.br\/blog\/banco-central-corta-selic-e-a-taxa-de-juros-cai-para-225-ao-ano\/","url":"https:\/\/www.novasaopaulo.com.br\/blog\/banco-central-corta-selic-e-a-taxa-de-juros-cai-para-225-ao-ano\/","name":"Banco Central corta Selic e a taxa de juros cai para 2,25% ao ano - Nova S\u00e3o Paulo - Blog","isPartOf":{"@id":"https:\/\/www.novasaopaulo.com.br\/blog\/#website"},"primaryImageOfPage":{"@id":"https:\/\/www.novasaopaulo.com.br\/blog\/banco-central-corta-selic-e-a-taxa-de-juros-cai-para-225-ao-ano\/#primaryimage"},"image":{"@id":"https:\/\/www.novasaopaulo.com.br\/blog\/banco-central-corta-selic-e-a-taxa-de-juros-cai-para-225-ao-ano\/#primaryimage"},"thumbnailUrl":"https:\/\/www.novasaopaulo.com.br\/blog\/wp-content\/uploads\/2021\/11\/Banco-Central-corta-Selic-e-a-taxa-de-juros-cai-para-2-25-ao-ano.jpg","datePublished":"2020-06-25T19:19:00+00:00","dateModified":"2021-11-08T19:23:49+00:00","breadcrumb":{"@id":"https:\/\/www.novasaopaulo.com.br\/blog\/banco-central-corta-selic-e-a-taxa-de-juros-cai-para-225-ao-ano\/#breadcrumb"},"inLanguage":"pt-BR","potentialAction":[{"@type":"ReadAction","target":["https:\/\/www.novasaopaulo.com.br\/blog\/banco-central-corta-selic-e-a-taxa-de-juros-cai-para-225-ao-ano\/"]}]},{"@type":"ImageObject","inLanguage":"pt-BR","@id":"https:\/\/www.novasaopaulo.com.br\/blog\/banco-central-corta-selic-e-a-taxa-de-juros-cai-para-225-ao-ano\/#primaryimage","url":"https:\/\/www.novasaopaulo.com.br\/blog\/wp-content\/uploads\/2021\/11\/Banco-Central-corta-Selic-e-a-taxa-de-juros-cai-para-2-25-ao-ano.jpg","contentUrl":"https:\/\/www.novasaopaulo.com.br\/blog\/wp-content\/uploads\/2021\/11\/Banco-Central-corta-Selic-e-a-taxa-de-juros-cai-para-2-25-ao-ano.jpg","width":300,"height":168},{"@type":"BreadcrumbList","@id":"https:\/\/www.novasaopaulo.com.br\/blog\/banco-central-corta-selic-e-a-taxa-de-juros-cai-para-225-ao-ano\/#breadcrumb","itemListElement":[{"@type":"ListItem","position":1,"name":"Home","item":"https:\/\/www.novasaopaulo.com.br\/blog\/"},{"@type":"ListItem","position":2,"name":"Banco Central corta Selic e a taxa de juros cai para 2,25% ao ano"}]},{"@type":"WebSite","@id":"https:\/\/www.novasaopaulo.com.br\/blog\/#website","url":"https:\/\/www.novasaopaulo.com.br\/blog\/","name":"Nova S\u00e3o Paulo - Blog","description":"O blog da Nova S\u00e3o Paulo leva o conhecimento sobre o mercado imobili\u00e1rio at\u00e9 voc\u00ea","publisher":{"@id":"https:\/\/www.novasaopaulo.com.br\/blog\/#organization"},"potentialAction":[{"@type":"SearchAction","target":{"@type":"EntryPoint","urlTemplate":"https:\/\/www.novasaopaulo.com.br\/blog\/?s={search_term_string}"},"query-input":{"@type":"PropertyValueSpecification","valueRequired":true,"valueName":"search_term_string"}}],"inLanguage":"pt-BR"},{"@type":"Organization","@id":"https:\/\/www.novasaopaulo.com.br\/blog\/#organization","name":"Nova S\u00e3o Paulo","url":"https:\/\/www.novasaopaulo.com.br\/blog\/","logo":{"@type":"ImageObject","inLanguage":"pt-BR","@id":"https:\/\/www.novasaopaulo.com.br\/blog\/#\/schema\/logo\/image\/","url":"http:\/\/localhost\/novasaopaulo.com.br-blog\/wp-content\/uploads\/2021\/11\/nova-sao-paulo.jpg","contentUrl":"http:\/\/localhost\/novasaopaulo.com.br-blog\/wp-content\/uploads\/2021\/11\/nova-sao-paulo.jpg","width":800,"height":600,"caption":"Nova S\u00e3o Paulo"},"image":{"@id":"https:\/\/www.novasaopaulo.com.br\/blog\/#\/schema\/logo\/image\/"},"sameAs":["https:\/\/www.facebook.com\/novasaopaulo","https:\/\/www.instagram.com\/imob.novasaopaulo\/","https:\/\/www.linkedin.com\/company\/imobiliaria-nova-sao-paulo\/"]},{"@type":"Person","@id":"https:\/\/www.novasaopaulo.com.br\/blog\/#\/schema\/person\/e04b5ef5fd1da12fc871f0496251bc84","name":"Nova SP","image":{"@type":"ImageObject","inLanguage":"pt-BR","@id":"https:\/\/secure.gravatar.com\/avatar\/96126461058a831acc8445912d8dd41d2842d0363b21d5e222076f979050e3e2?s=96&d=mm&r=g","url":"https:\/\/secure.gravatar.com\/avatar\/96126461058a831acc8445912d8dd41d2842d0363b21d5e222076f979050e3e2?s=96&d=mm&r=g","contentUrl":"https:\/\/secure.gravatar.com\/avatar\/96126461058a831acc8445912d8dd41d2842d0363b21d5e222076f979050e3e2?s=96&d=mm&r=g","caption":"Nova SP"},"url":"https:\/\/www.novasaopaulo.com.br\/blog\/author\/nova-sp\/"}]}},"_links":{"self":[{"href":"https:\/\/www.novasaopaulo.com.br\/blog\/wp-json\/wp\/v2\/posts\/78","targetHints":{"allow":["GET"]}}],"collection":[{"href":"https:\/\/www.novasaopaulo.com.br\/blog\/wp-json\/wp\/v2\/posts"}],"about":[{"href":"https:\/\/www.novasaopaulo.com.br\/blog\/wp-json\/wp\/v2\/types\/post"}],"author":[{"embeddable":true,"href":"https:\/\/www.novasaopaulo.com.br\/blog\/wp-json\/wp\/v2\/users\/1"}],"replies":[{"embeddable":true,"href":"https:\/\/www.novasaopaulo.com.br\/blog\/wp-json\/wp\/v2\/comments?post=78"}],"version-history":[{"count":1,"href":"https:\/\/www.novasaopaulo.com.br\/blog\/wp-json\/wp\/v2\/posts\/78\/revisions"}],"predecessor-version":[{"id":80,"href":"https:\/\/www.novasaopaulo.com.br\/blog\/wp-json\/wp\/v2\/posts\/78\/revisions\/80"}],"wp:featuredmedia":[{"embeddable":true,"href":"https:\/\/www.novasaopaulo.com.br\/blog\/wp-json\/wp\/v2\/media\/79"}],"wp:attachment":[{"href":"https:\/\/www.novasaopaulo.com.br\/blog\/wp-json\/wp\/v2\/media?parent=78"}],"wp:term":[{"taxonomy":"category","embeddable":true,"href":"https:\/\/www.novasaopaulo.com.br\/blog\/wp-json\/wp\/v2\/categories?post=78"},{"taxonomy":"post_tag","embeddable":true,"href":"https:\/\/www.novasaopaulo.com.br\/blog\/wp-json\/wp\/v2\/tags?post=78"}],"curies":[{"name":"wp","href":"https:\/\/api.w.org\/{rel}","templated":true}]}}